{"id":50571,"date":"2020-01-13T10:28:00","date_gmt":"2020-01-13T13:28:00","guid":{"rendered":"http:\/\/blogdoedvaldomagalhaes.com.br\/?p=50571"},"modified":"2020-01-14T22:03:35","modified_gmt":"2020-01-15T01:03:35","slug":"segunda-edicao-do-acolher-treinamento-com-foco-no-atendimento-humanizado-na-saude-acontece-em-fevereiro","status":"publish","type":"post","link":"https:\/\/blogdoedvaldomagalhaes.com.br\/index.php\/2020\/01\/13\/segunda-edicao-do-acolher-treinamento-com-foco-no-atendimento-humanizado-na-saude-acontece-em-fevereiro\/","title":{"rendered":"Segunda edi\u00e7\u00e3o do acolher, treinamento com foco no atendimento humanizado na sa\u00fade, acontece em fevereiro"},"content":{"rendered":"<p style=\"text-align: justify;\">Com o objetivo de promover desenvolvimento profissional e pessoal para profissionais da sa\u00fade, dos setores p\u00fablico e privado, o treinamento oferece um formato inovador, com um combinado de fases online, contendo v\u00eddeo-aulas interativas e mentorias, mais o evento presencial, que acontecer\u00e1 no dia 06 de fevereiro, no Hotel Fazenda Portal de Gravat\u00e1.<\/p>\n<p style=\"text-align: justify;\">Al\u00e9m de adquirirem qualifica\u00e7\u00e3o t\u00e9cnica, os participantes ser\u00e3o acompanhados por uma equipe de coaches, que utilizar\u00e1 de ferramentas de reprograma\u00e7\u00e3o de cren\u00e7as e intelig\u00eancia emocional, com o intuito de promover a constru\u00e7\u00e3o de satisfa\u00e7\u00e3o pessoal e proporcionar mais qualidade de vida no trabalho. A proposta \u00e9 despertar as pessoas para a import\u00e2ncia do acolhimento humanizado nos atendimentos de sa\u00fade, com equil\u00edbrio, empatia e benevol\u00eancia, apesar das condi\u00e7\u00f5es adversas.<\/p>\n<p style=\"text-align: justify;\">Na primeira edi\u00e7\u00e3o, participaram mais de 200 profissionais de v\u00e1rios munic\u00edpios das Regi\u00f5es da Mata Norte e Sul de Pernambuco.\u00a0<\/p>\n<p style=\"text-align: justify;\">A segunda edi\u00e7\u00e3o contar\u00e1 com palestras do Mastercoach Anthenor Bittencourt, do m\u00e9dico, microbiologista, psicanalista, psicopedagogo, fil\u00f3sofo e palha\u00e7o, Bruno Severo e do m\u00e9dico ginecologista e obstetra, Dr. Glaucius Nascimento, conhecido como &#8216;o anjo da guarda de m\u00e3es e beb\u00eas&#8217;, t\u00edtulo que ganhou for\u00e7a depois de ter salvo m\u00e3e e filha, que sobreviveram a um parto considerado extremamente dif\u00edcil, h\u00e1 aproximadamente dois anos. O caso teve repercuss\u00e3o nacional e tornou o m\u00e9dico conhecido em todo o pa\u00eds. Tamb\u00e9m participa do evento a especialista em Sa\u00fade P\u00fablica, Gest\u00e3o e Planejamento em Sa\u00fade Coletiva, Professora Natale Souza, al\u00e9m da Coach, Analista Profiler, expert em Gest\u00e3o P\u00fablica e idealizadora do Acolher, Adriana Alves.<\/p>\n<p style=\"text-align: justify;\">Servi\u00e7o:<\/p>\n<p style=\"text-align: justify;\">ACOLHER &#8211; ATENDIMENTO HUMANIZADO NA SA\u00daDE<br \/>@acolher_humanizacao<br \/>acolher.plenitudecoaching.com.br<br \/>Fone: (81) 9 9679-0158<\/p>\n\n\n<figure class=\"wp-block-image size-large\"><a href=\"http:\/\/acolher.plenitudecoaching.com.br\/\"><img loading=\"lazy\" decoding=\"async\" width=\"640\" height=\"128\" src=\"http:\/\/blogdoedvaldomagalhaes.com.br\/wp-content\/uploads\/2020\/01\/Acolher.png\" alt=\"\" class=\"wp-image-50619\" srcset=\"https:\/\/blogdoedvaldomagalhaes.com.br\/wp-content\/uploads\/2020\/01\/Acolher.png 640w, https:\/\/blogdoedvaldomagalhaes.com.br\/wp-content\/uploads\/2020\/01\/Acolher-300x60.png 300w\" sizes=\"auto, (max-width: 640px) 100vw, 640px\" \/><\/a><\/figure>\n","protected":false},"excerpt":{"rendered":"<p>Com o objetivo de promover desenvolvimento profissional e pessoal para profissionais da sa\u00fade, dos setores p\u00fablico e privado, o treinamento&hellip;<\/p>\n","protected":false},"author":1,"featured_media":50619,"comment_status":"open","ping_status":"open","sticky":false,"template":"","format":"standard","meta":{"footnotes":""},"categories":[14120],"tags":[17051,17053,17055,17059,17052,17058,17057,17056,17054],"class_list":["post-50571","post","type-post","status-publish","format-standard","has-post-thumbnail","hentry","category-noticias","tag-acolher","tag-acolher-humanizacao","tag-adriana-alves","tag-anthenor-bittencourt","tag-atendimento-humanizado-na-saude","tag-bruno-severo","tag-glaucius-nascimento","tag-natale-souza","tag-plenitude-coaching"],"_links":{"self":[{"href":"https:\/\/blogdoedvaldomagalhaes.com.br\/index.php\/wp-json\/wp\/v2\/posts\/50571","targetHints":{"allow":["GET"]}}],"collection":[{"href":"https:\/\/blogdoedvaldomagalhaes.com.br\/index.php\/wp-json\/wp\/v2\/posts"}],"about":[{"href":"https:\/\/blogdoedvaldomagalhaes.com.br\/index.php\/wp-json\/wp\/v2\/types\/post"}],"author":[{"embeddable":true,"href":"https:\/\/blogdoedvaldomagalhaes.com.br\/index.php\/wp-json\/wp\/v2\/users\/1"}],"replies":[{"embeddable":true,"href":"https:\/\/blogdoedvaldomagalhaes.com.br\/index.php\/wp-json\/wp\/v2\/comments?post=50571"}],"version-history":[{"count":2,"href":"https:\/\/blogdoedvaldomagalhaes.com.br\/index.php\/wp-json\/wp\/v2\/posts\/50571\/revisions"}],"predecessor-version":[{"id":50620,"href":"https:\/\/blogdoedvaldomagalhaes.com.br\/index.php\/wp-json\/wp\/v2\/posts\/50571\/revisions\/50620"}],"wp:featuredmedia":[{"embeddable":true,"href":"https:\/\/blogdoedvaldomagalhaes.com.br\/index.php\/wp-json\/wp\/v2\/media\/50619"}],"wp:attachment":[{"href":"https:\/\/blogdoedvaldomagalhaes.com.br\/index.php\/wp-json\/wp\/v2\/media?parent=50571"}],"wp:term":[{"taxonomy":"category","embeddable":true,"href":"https:\/\/blogdoedvaldomagalhaes.com.br\/index.php\/wp-json\/wp\/v2\/categories?post=50571"},{"taxonomy":"post_tag","embeddable":true,"href":"https:\/\/blogdoedvaldomagalhaes.com.br\/index.php\/wp-json\/wp\/v2\/tags?post=50571"}],"curies":[{"name":"wp","href":"https:\/\/api.w.org\/{rel}","templated":true}]}}