{"id":50565,"date":"2020-01-13T06:34:41","date_gmt":"2020-01-13T09:34:41","guid":{"rendered":"http:\/\/blogdoedvaldomagalhaes.com.br\/?p=50565"},"modified":"2020-01-13T06:34:44","modified_gmt":"2020-01-13T09:34:44","slug":"morre-no-hospital-jovem-que-sofreu-acidente-de-transito-em-caruaru","status":"publish","type":"post","link":"https:\/\/blogdoedvaldomagalhaes.com.br\/index.php\/2020\/01\/13\/morre-no-hospital-jovem-que-sofreu-acidente-de-transito-em-caruaru\/","title":{"rendered":"Morre no hospital jovem que sofreu acidente de tr\u00e2nsito em Caruaru"},"content":{"rendered":"<p style=\"text-align: justify;\"><span style=\"font-size: inherit;\">Faleceu na noite desse domingo (12), no Hospital da Restaura\u00e7\u00e3o (HR), em Recife, o jovem\u00a0 Alisson Gomes da Silva, de 20 anos, que morava no bairro Jardim Boa Vista e trabalhava como toyoteiro. A v\u00edtima ficou gravemente ferida ap\u00f3s colidir sua motocicleta em um Ford Fiesta\u00a0 \u00a0na avenida Jo\u00e3o Soares de Lima, no bairro Jardim Panorama, em Caruaru, na manh\u00e3 da \u00faltima sexta-feira (10).<\/span><\/p>\n<p style=\"text-align: justify;\">Na colis\u00e3o o capacete do jovem saiu e ele caiu bateu a cabe\u00e7a no meio fio. Desacordado ele foi socorrido pelo Samu para o Hospital Regional do Agreste (HRA), e devido a gravidade do seu quadro cl\u00ednico foi transferido para o Hospital da Restaura\u00e7\u00e3o (HR),\u00a0 em Recife, vindo a \u00f3bito.<\/p>\n","protected":false},"excerpt":{"rendered":"<p>Faleceu na noite desse domingo (12), no Hospital da Restaura\u00e7\u00e3o (HR), em Recife, o jovem\u00a0 Alisson Gomes da Silva, de&hellip;<\/p>\n","protected":false},"author":1,"featured_media":50566,"comment_status":"open","ping_status":"open","sticky":false,"template":"","format":"standard","meta":{"footnotes":""},"categories":[14120],"tags":[2,16881,17050],"class_list":["post-50565","post","type-post","status-publish","format-standard","has-post-thumbnail","hentry","category-noticias","tag-blog-do-edvaldo-magalhaes","tag-caruaru-e-regiao","tag-morre-no-hospital-jovem-que-sofreu-acidente-de-transito-em-caruaru"],"_links":{"self":[{"href":"https:\/\/blogdoedvaldomagalhaes.com.br\/index.php\/wp-json\/wp\/v2\/posts\/50565","targetHints":{"allow":["GET"]}}],"collection":[{"href":"https:\/\/blogdoedvaldomagalhaes.com.br\/index.php\/wp-json\/wp\/v2\/posts"}],"about":[{"href":"https:\/\/blogdoedvaldomagalhaes.com.br\/index.php\/wp-json\/wp\/v2\/types\/post"}],"author":[{"embeddable":true,"href":"https:\/\/blogdoedvaldomagalhaes.com.br\/index.php\/wp-json\/wp\/v2\/users\/1"}],"replies":[{"embeddable":true,"href":"https:\/\/blogdoedvaldomagalhaes.com.br\/index.php\/wp-json\/wp\/v2\/comments?post=50565"}],"version-history":[{"count":1,"href":"https:\/\/blogdoedvaldomagalhaes.com.br\/index.php\/wp-json\/wp\/v2\/posts\/50565\/revisions"}],"predecessor-version":[{"id":50567,"href":"https:\/\/blogdoedvaldomagalhaes.com.br\/index.php\/wp-json\/wp\/v2\/posts\/50565\/revisions\/50567"}],"wp:featuredmedia":[{"embeddable":true,"href":"https:\/\/blogdoedvaldomagalhaes.com.br\/index.php\/wp-json\/wp\/v2\/media\/50566"}],"wp:attachment":[{"href":"https:\/\/blogdoedvaldomagalhaes.com.br\/index.php\/wp-json\/wp\/v2\/media?parent=50565"}],"wp:term":[{"taxonomy":"category","embeddable":true,"href":"https:\/\/blogdoedvaldomagalhaes.com.br\/index.php\/wp-json\/wp\/v2\/categories?post=50565"},{"taxonomy":"post_tag","embeddable":true,"href":"https:\/\/blogdoedvaldomagalhaes.com.br\/index.php\/wp-json\/wp\/v2\/tags?post=50565"}],"curies":[{"name":"wp","href":"https:\/\/api.w.org\/{rel}","templated":true}]}}