{"id":50539,"date":"2020-01-12T20:40:27","date_gmt":"2020-01-12T23:40:27","guid":{"rendered":"http:\/\/blogdoedvaldomagalhaes.com.br\/?p=50539"},"modified":"2020-01-12T20:40:32","modified_gmt":"2020-01-12T23:40:32","slug":"pm-prende-homicida-apreende-moto-e-droga-em-gravata","status":"publish","type":"post","link":"https:\/\/blogdoedvaldomagalhaes.com.br\/index.php\/2020\/01\/12\/pm-prende-homicida-apreende-moto-e-droga-em-gravata\/","title":{"rendered":"PM prende homicida, apreende moto e droga em Gravat\u00e1"},"content":{"rendered":"<p style=\"text-align: justify;\"><span style=\"font-size: inherit;\">Policiais Militares da 5\u00aa companhia independente da Pol\u00edcia Militar prenderam, no final da manh\u00e3 deste s\u00e1bado (11), um suspeito de cometer v\u00e1rios homic\u00eddios, roubos em institui\u00e7\u00f5es financeiras e tr\u00e1fico de entorpecentes na regi\u00e3o de Gravat\u00e1.<\/span><\/p>\n<p style=\"text-align: justify;\">Ap\u00f3s o levantamento do n\u00facleo de intelig\u00eancia da 5a CIPM, o efetivo policial seguiu at\u00e9 o bairro do Prado, na citada cidade, onde conseguiu prender o suspeito, que j\u00e1 estava com mandado de pris\u00e3o em aberto, com ele estava um segundo homem, tamb\u00e9m com passagem pela pol\u00edcia, por\u00e9m em liberdade condicional. Com a dupla foram apreendidos R$ 690,00 e uma motocicleta, al\u00e9m de entorpecente.<\/p>\n<p style=\"text-align: justify;\">Ambos foram encaminhados para a Delegacia de Pol\u00edcia Civil do munic\u00edpio para serem tomadas as medidas legais cab\u00edveis.<\/p>\n\n\n<figure class=\"wp-block-image size-large\"><img loading=\"lazy\" decoding=\"async\" width=\"576\" height=\"1024\" src=\"http:\/\/blogdoedvaldomagalhaes.com.br\/wp-content\/uploads\/2020\/01\/IMG-20200112-WA0042-576x1024.jpg\" alt=\"\" class=\"wp-image-50541\" srcset=\"https:\/\/blogdoedvaldomagalhaes.com.br\/wp-content\/uploads\/2020\/01\/IMG-20200112-WA0042-576x1024.jpg 576w, https:\/\/blogdoedvaldomagalhaes.com.br\/wp-content\/uploads\/2020\/01\/IMG-20200112-WA0042-169x300.jpg 169w, https:\/\/blogdoedvaldomagalhaes.com.br\/wp-content\/uploads\/2020\/01\/IMG-20200112-WA0042.jpg 720w\" sizes=\"auto, (max-width: 576px) 100vw, 576px\" \/><\/figure>\n\n\n\n<figure class=\"wp-block-image size-large\"><img loading=\"lazy\" decoding=\"async\" width=\"1024\" height=\"768\" src=\"http:\/\/blogdoedvaldomagalhaes.com.br\/wp-content\/uploads\/2020\/01\/IMG-20200112-WA0043-1024x768.jpg\" alt=\"\" class=\"wp-image-50542\" srcset=\"https:\/\/blogdoedvaldomagalhaes.com.br\/wp-content\/uploads\/2020\/01\/IMG-20200112-WA0043-1024x768.jpg 1024w, https:\/\/blogdoedvaldomagalhaes.com.br\/wp-content\/uploads\/2020\/01\/IMG-20200112-WA0043-300x225.jpg 300w, https:\/\/blogdoedvaldomagalhaes.com.br\/wp-content\/uploads\/2020\/01\/IMG-20200112-WA0043-768x576.jpg 768w, https:\/\/blogdoedvaldomagalhaes.com.br\/wp-content\/uploads\/2020\/01\/IMG-20200112-WA0043-160x120.jpg 160w, https:\/\/blogdoedvaldomagalhaes.com.br\/wp-content\/uploads\/2020\/01\/IMG-20200112-WA0043.jpg 1280w\" sizes=\"auto, (max-width: 1024px) 100vw, 1024px\" \/><figcaption>Informa\u00e7\u00f5es e fotos: PMPE<\/figcaption><\/figure>\n","protected":false},"excerpt":{"rendered":"<p>Policiais Militares da 5\u00aa companhia independente da Pol\u00edcia Militar prenderam, no final da manh\u00e3 deste s\u00e1bado (11), um suspeito de&hellip;<\/p>\n","protected":false},"author":1,"featured_media":50540,"comment_status":"open","ping_status":"open","sticky":false,"template":"","format":"standard","meta":{"footnotes":""},"categories":[14121],"tags":[17046,2,16881,17045],"class_list":["post-50539","post","type-post","status-publish","format-standard","has-post-thumbnail","hentry","category-policial","tag-apreende-moto-e-droga-em-gravata","tag-blog-do-edvaldo-magalhaes","tag-caruaru-e-regiao","tag-pm-prende-homicida"],"_links":{"self":[{"href":"https:\/\/blogdoedvaldomagalhaes.com.br\/index.php\/wp-json\/wp\/v2\/posts\/50539","targetHints":{"allow":["GET"]}}],"collection":[{"href":"https:\/\/blogdoedvaldomagalhaes.com.br\/index.php\/wp-json\/wp\/v2\/posts"}],"about":[{"href":"https:\/\/blogdoedvaldomagalhaes.com.br\/index.php\/wp-json\/wp\/v2\/types\/post"}],"author":[{"embeddable":true,"href":"https:\/\/blogdoedvaldomagalhaes.com.br\/index.php\/wp-json\/wp\/v2\/users\/1"}],"replies":[{"embeddable":true,"href":"https:\/\/blogdoedvaldomagalhaes.com.br\/index.php\/wp-json\/wp\/v2\/comments?post=50539"}],"version-history":[{"count":1,"href":"https:\/\/blogdoedvaldomagalhaes.com.br\/index.php\/wp-json\/wp\/v2\/posts\/50539\/revisions"}],"predecessor-version":[{"id":50543,"href":"https:\/\/blogdoedvaldomagalhaes.com.br\/index.php\/wp-json\/wp\/v2\/posts\/50539\/revisions\/50543"}],"wp:featuredmedia":[{"embeddable":true,"href":"https:\/\/blogdoedvaldomagalhaes.com.br\/index.php\/wp-json\/wp\/v2\/media\/50540"}],"wp:attachment":[{"href":"https:\/\/blogdoedvaldomagalhaes.com.br\/index.php\/wp-json\/wp\/v2\/media?parent=50539"}],"wp:term":[{"taxonomy":"category","embeddable":true,"href":"https:\/\/blogdoedvaldomagalhaes.com.br\/index.php\/wp-json\/wp\/v2\/categories?post=50539"},{"taxonomy":"post_tag","embeddable":true,"href":"https:\/\/blogdoedvaldomagalhaes.com.br\/index.php\/wp-json\/wp\/v2\/tags?post=50539"}],"curies":[{"name":"wp","href":"https:\/\/api.w.org\/{rel}","templated":true}]}}