{"id":50535,"date":"2020-01-12T13:46:59","date_gmt":"2020-01-12T16:46:59","guid":{"rendered":"http:\/\/blogdoedvaldomagalhaes.com.br\/?p=50535"},"modified":"2020-01-12T13:47:02","modified_gmt":"2020-01-12T16:47:02","slug":"central-contrata-jovem-zagueiro-para-a-temporada-2020","status":"publish","type":"post","link":"https:\/\/blogdoedvaldomagalhaes.com.br\/index.php\/2020\/01\/12\/central-contrata-jovem-zagueiro-para-a-temporada-2020\/","title":{"rendered":"Central contrata jovem zagueiro para a temporada 2020"},"content":{"rendered":"<p style=\"text-align: justify;\"><span style=\"font-size: inherit;\">Rangerson Ornela Azevedo, o Rangerson, 21 anos, chega ao Central Sport Club para a temporada 2020.<\/span><\/p>\n<p style=\"text-align: justify;\">O jovem zagueiro atuou nas categorias de base do Vit\u00f3ria\/BA, clube no qual jogou por oito temporadas e acumulou os trof\u00e9us do Campeonato Baiano Sub-17 e Copa do Nordeste Sub-20. O atleta ainda vestiu a camisa do Santa Cruz\/PE e fez parte do elenco profissional que conquistou a Copa Pernambuco 2019.<\/p>\n<p style=\"text-align: justify;\">Em 2020, o Alvinegro Caruaruense ir\u00e1 disputar o Campeonato Pernambucano S\u00e9rie A1 e Brasileir\u00e3o da S\u00e9rie D.<\/p>\n<p style=\"text-align: justify;\">Informa\u00e7\u00f5es: Departamento de Comunica\u00e7\u00e3o do Central Sport Club.<\/p>\n","protected":false},"excerpt":{"rendered":"<p>Rangerson Ornela Azevedo, o Rangerson, 21 anos, chega ao Central Sport Club para a temporada 2020. O jovem zagueiro atuou&hellip;<\/p>\n","protected":false},"author":1,"featured_media":50537,"comment_status":"open","ping_status":"open","sticky":false,"template":"","format":"standard","meta":{"footnotes":""},"categories":[14124],"tags":[2,16881,17044],"class_list":["post-50535","post","type-post","status-publish","format-standard","has-post-thumbnail","hentry","category-centralsc","tag-blog-do-edvaldo-magalhaes","tag-caruaru-e-regiao","tag-central-contrata-jovem-zagueiro-para-a-temporada-2020"],"_links":{"self":[{"href":"https:\/\/blogdoedvaldomagalhaes.com.br\/index.php\/wp-json\/wp\/v2\/posts\/50535","targetHints":{"allow":["GET"]}}],"collection":[{"href":"https:\/\/blogdoedvaldomagalhaes.com.br\/index.php\/wp-json\/wp\/v2\/posts"}],"about":[{"href":"https:\/\/blogdoedvaldomagalhaes.com.br\/index.php\/wp-json\/wp\/v2\/types\/post"}],"author":[{"embeddable":true,"href":"https:\/\/blogdoedvaldomagalhaes.com.br\/index.php\/wp-json\/wp\/v2\/users\/1"}],"replies":[{"embeddable":true,"href":"https:\/\/blogdoedvaldomagalhaes.com.br\/index.php\/wp-json\/wp\/v2\/comments?post=50535"}],"version-history":[{"count":1,"href":"https:\/\/blogdoedvaldomagalhaes.com.br\/index.php\/wp-json\/wp\/v2\/posts\/50535\/revisions"}],"predecessor-version":[{"id":50538,"href":"https:\/\/blogdoedvaldomagalhaes.com.br\/index.php\/wp-json\/wp\/v2\/posts\/50535\/revisions\/50538"}],"wp:featuredmedia":[{"embeddable":true,"href":"https:\/\/blogdoedvaldomagalhaes.com.br\/index.php\/wp-json\/wp\/v2\/media\/50537"}],"wp:attachment":[{"href":"https:\/\/blogdoedvaldomagalhaes.com.br\/index.php\/wp-json\/wp\/v2\/media?parent=50535"}],"wp:term":[{"taxonomy":"category","embeddable":true,"href":"https:\/\/blogdoedvaldomagalhaes.com.br\/index.php\/wp-json\/wp\/v2\/categories?post=50535"},{"taxonomy":"post_tag","embeddable":true,"href":"https:\/\/blogdoedvaldomagalhaes.com.br\/index.php\/wp-json\/wp\/v2\/tags?post=50535"}],"curies":[{"name":"wp","href":"https:\/\/api.w.org\/{rel}","templated":true}]}}