{"id":5053,"date":"2017-08-15T16:57:00","date_gmt":"2017-08-15T19:57:00","guid":{"rendered":"http:\/\/blogdoedvaldomagalhaes.com.br\/index.php\/2017\/08\/15\/rua-vidal-de-negreiros-no-centro-de\/"},"modified":"2019-02-09T01:40:03","modified_gmt":"2019-02-09T03:40:03","slug":"rua-vidal-de-negreiros-no-centro-de","status":"publish","type":"post","link":"https:\/\/blogdoedvaldomagalhaes.com.br\/index.php\/2017\/08\/15\/rua-vidal-de-negreiros-no-centro-de\/","title":{"rendered":"Rua Vidal de Negreiros no centro de Caruaru ser\u00e1 interditada nesta quarta (16)"},"content":{"rendered":"<div class=\"separator\" style=\"clear: both; text-align: center;\">\n<a href=\"https:\/\/4.bp.blogspot.com\/-0STqUe-DfWc\/WZMn0x31PeI\/AAAAAAAAb0g\/BbfSc7kS3ywN-TQ4mT_y3ous43wTyLnwgCLcBGAs\/s1600\/rua.jpg\" imageanchor=\"1\" style=\"margin-left: 1em; margin-right: 1em;\"><img loading=\"lazy\" decoding=\"async\" border=\"0\" data-original-height=\"316\" data-original-width=\"677\" height=\"183\" src=\"http:\/\/blogdoedvaldomagalhaes.com.br\/wp-content\/uploads\/2017\/08\/rua.jpg\" width=\"400\" \/><\/a><\/div>\n<div class=\"MsoNormal\" style=\"text-align: justify;\">\n<\/div>\n<div class=\"MsoNormal\" style=\"text-align: justify;\">\nA Destra informa que, na<br \/>\npr\u00f3xima quarta-feira (16), a rua Vidal de Negreiros, no Centro, ser\u00e1<br \/>\ninterditada a partir das 8h.&nbsp;A a\u00e7\u00e3o ser\u00e1 feita em<br \/>\natendimento a um pedido da Compesa, que ir\u00e1 realizar o conserto da tubula\u00e7\u00e3o do<br \/>\nlocal. A Autarquia destaca que a linha de \u00f4nibus da empresa Bahia vai realizar<br \/>\na rota pelo Grande Hotel, avenida Rio Branco, Ruas Duque de Caxias e Quinze de<br \/>\nNovembro.<\/div>\n","protected":false},"excerpt":{"rendered":"<p>A Destra informa que, na pr\u00f3xima quarta-feira (16), a rua Vidal de Negreiros, no Centro, ser\u00e1 interditada a partir das&hellip;<\/p>\n","protected":false},"author":1,"featured_media":0,"comment_status":"open","ping_status":"open","sticky":false,"template":"","format":"standard","meta":{"footnotes":""},"categories":[1],"tags":[6422,2,4521,6539,6,6540,316,6541],"class_list":["post-5053","post","type-post","status-publish","format-standard","hentry","category-sem-categoria","tag-avenida-rio-branco","tag-blog-do-edvaldo-magalhaes","tag-compesa","tag-grande","tag-noticias","tag-rua-duque-de-caxias","tag-rua-quinze-de-novembro","tag-rua-vidal-de-negreiros-no-centro-de-caruaru-sera-interditada-nesta-quarta-16"],"_links":{"self":[{"href":"https:\/\/blogdoedvaldomagalhaes.com.br\/index.php\/wp-json\/wp\/v2\/posts\/5053","targetHints":{"allow":["GET"]}}],"collection":[{"href":"https:\/\/blogdoedvaldomagalhaes.com.br\/index.php\/wp-json\/wp\/v2\/posts"}],"about":[{"href":"https:\/\/blogdoedvaldomagalhaes.com.br\/index.php\/wp-json\/wp\/v2\/types\/post"}],"author":[{"embeddable":true,"href":"https:\/\/blogdoedvaldomagalhaes.com.br\/index.php\/wp-json\/wp\/v2\/users\/1"}],"replies":[{"embeddable":true,"href":"https:\/\/blogdoedvaldomagalhaes.com.br\/index.php\/wp-json\/wp\/v2\/comments?post=5053"}],"version-history":[{"count":1,"href":"https:\/\/blogdoedvaldomagalhaes.com.br\/index.php\/wp-json\/wp\/v2\/posts\/5053\/revisions"}],"predecessor-version":[{"id":23210,"href":"https:\/\/blogdoedvaldomagalhaes.com.br\/index.php\/wp-json\/wp\/v2\/posts\/5053\/revisions\/23210"}],"wp:attachment":[{"href":"https:\/\/blogdoedvaldomagalhaes.com.br\/index.php\/wp-json\/wp\/v2\/media?parent=5053"}],"wp:term":[{"taxonomy":"category","embeddable":true,"href":"https:\/\/blogdoedvaldomagalhaes.com.br\/index.php\/wp-json\/wp\/v2\/categories?post=5053"},{"taxonomy":"post_tag","embeddable":true,"href":"https:\/\/blogdoedvaldomagalhaes.com.br\/index.php\/wp-json\/wp\/v2\/tags?post=5053"}],"curies":[{"name":"wp","href":"https:\/\/api.w.org\/{rel}","templated":true}]}}