{"id":50529,"date":"2020-01-12T09:31:09","date_gmt":"2020-01-12T12:31:09","guid":{"rendered":"http:\/\/blogdoedvaldomagalhaes.com.br\/?p=50529"},"modified":"2020-01-12T10:16:29","modified_gmt":"2020-01-12T13:16:29","slug":"acusado-de-assalto-morre-apos-trocar-tiros-com-policiais-militares-em-caruaru","status":"publish","type":"post","link":"https:\/\/blogdoedvaldomagalhaes.com.br\/index.php\/2020\/01\/12\/acusado-de-assalto-morre-apos-trocar-tiros-com-policiais-militares-em-caruaru\/","title":{"rendered":"Acusado de assalto morre ap\u00f3s trocar tiros com policiais militares em Caruaru"},"content":{"rendered":"<p style=\"text-align: justify;\">Nesse s\u00e1bado (11), policiais do 1\u00ba BIEsp receberam informa\u00e7\u00f5es que dois indiv\u00edduos teriam tomado de assalto um ve\u00edculo da marca Fiat Toro, de uma mulher no bairro Salgado, em Caruaru, e em seguida teriam fugido.<\/p>\n<p style=\"text-align: justify;\">Os policiais militares passaram a realizar dilig\u00eancias, e avistaram o ve\u00edculo na BR-104, no sentido Caruaru\/Toritama, iniciando uma persegui\u00e7\u00e3o ao ve\u00edculo. De acordo com os PMs, ao se aproximar do Parque Haras Milanny, os meliantes desceram do ve\u00edculo, tentaram fugir efetuando v\u00e1rios tiros contra o efetivo policial que revidou a injusta agress\u00e3o.<\/p>\n<p dir=\"ltr\" style=\"text-align: justify;\">A pol\u00edcia informou que um indiv\u00edduo ainda conseguiu fugir, j\u00e1 o outro foi atingido e socorrido para o Hospital Regional do Agreste (HRA), mas n\u00e3o resistiu e veio a \u00f3bito, sendo Maviael Manoel Silva, de 18 anos. O corpo foi encaminhado para o IML de Caruaru. Os policiais conduziram o ve\u00edculo e as armas de fogo apreendidas, para \u00e0 Delegacia de Pol\u00edcia Civil, para a serem tomadas as medidas legais.<\/p>\n<p style=\"font-weight: 400; text-align: justify;\">Apesar de ter sido uma troca de tiros, o fato \u00e9 contabilizado como mais um homic\u00eddio em Caruaru, sendo o quinto do ano de 2020.<\/p>\n<p dir=\"ltr\" style=\"text-align: justify;\">Foto: Reprodu\u00e7\u00e3o\/WhatsApp.<\/p>\n","protected":false},"excerpt":{"rendered":"<p>Nesse s\u00e1bado (11), policiais do 1\u00ba BIEsp receberam informa\u00e7\u00f5es que dois indiv\u00edduos teriam tomado de assalto um ve\u00edculo da marca&hellip;<\/p>\n","protected":false},"author":1,"featured_media":50530,"comment_status":"open","ping_status":"open","sticky":false,"template":"","format":"standard","meta":{"footnotes":""},"categories":[14121],"tags":[17043,2,16881],"class_list":["post-50529","post","type-post","status-publish","format-standard","has-post-thumbnail","hentry","category-policial","tag-acusado-de-assalto-morre-apos-trocar-tiros-com-policiais-militares-em-caruaru","tag-blog-do-edvaldo-magalhaes","tag-caruaru-e-regiao"],"_links":{"self":[{"href":"https:\/\/blogdoedvaldomagalhaes.com.br\/index.php\/wp-json\/wp\/v2\/posts\/50529","targetHints":{"allow":["GET"]}}],"collection":[{"href":"https:\/\/blogdoedvaldomagalhaes.com.br\/index.php\/wp-json\/wp\/v2\/posts"}],"about":[{"href":"https:\/\/blogdoedvaldomagalhaes.com.br\/index.php\/wp-json\/wp\/v2\/types\/post"}],"author":[{"embeddable":true,"href":"https:\/\/blogdoedvaldomagalhaes.com.br\/index.php\/wp-json\/wp\/v2\/users\/1"}],"replies":[{"embeddable":true,"href":"https:\/\/blogdoedvaldomagalhaes.com.br\/index.php\/wp-json\/wp\/v2\/comments?post=50529"}],"version-history":[{"count":4,"href":"https:\/\/blogdoedvaldomagalhaes.com.br\/index.php\/wp-json\/wp\/v2\/posts\/50529\/revisions"}],"predecessor-version":[{"id":50534,"href":"https:\/\/blogdoedvaldomagalhaes.com.br\/index.php\/wp-json\/wp\/v2\/posts\/50529\/revisions\/50534"}],"wp:featuredmedia":[{"embeddable":true,"href":"https:\/\/blogdoedvaldomagalhaes.com.br\/index.php\/wp-json\/wp\/v2\/media\/50530"}],"wp:attachment":[{"href":"https:\/\/blogdoedvaldomagalhaes.com.br\/index.php\/wp-json\/wp\/v2\/media?parent=50529"}],"wp:term":[{"taxonomy":"category","embeddable":true,"href":"https:\/\/blogdoedvaldomagalhaes.com.br\/index.php\/wp-json\/wp\/v2\/categories?post=50529"},{"taxonomy":"post_tag","embeddable":true,"href":"https:\/\/blogdoedvaldomagalhaes.com.br\/index.php\/wp-json\/wp\/v2\/tags?post=50529"}],"curies":[{"name":"wp","href":"https:\/\/api.w.org\/{rel}","templated":true}]}}