{"id":50522,"date":"2020-01-10T22:26:36","date_gmt":"2020-01-11T01:26:36","guid":{"rendered":"http:\/\/blogdoedvaldomagalhaes.com.br\/?p=50522"},"modified":"2020-01-10T22:46:02","modified_gmt":"2020-01-11T01:46:02","slug":"jovem-que-sofreu-acidente-em-caruaru-e-transferido-para-o-hr-em-recife","status":"publish","type":"post","link":"https:\/\/blogdoedvaldomagalhaes.com.br\/index.php\/2020\/01\/10\/jovem-que-sofreu-acidente-em-caruaru-e-transferido-para-o-hr-em-recife\/","title":{"rendered":"Jovem que sofreu acidente em Caruaru \u00e9 transferido para o HR em Recife"},"content":{"rendered":"<p style=\"text-align: justify;\"><span style=\"font-size: inherit;\">Na manh\u00e3 desta sexta-feira (10), houve uma colis\u00e3o entre uma motocicleta e um Ford Fiesta, na avenida Jo\u00e3o Soares de Lima, no bairro Jardim Panorama, em Caruaru, deixando o jovem Alisson Gomes da Silva, de 20 anos, residente no bairro Jardim Boa Vista, toyoteiro, gravemente ferido. <\/span><\/p>\n<p style=\"text-align: justify;\"><span style=\"font-size: inherit;\">O carro atravessava a avenida no sentido bairro Severino Afonso, e a moto seguia pela avenida, quando houve a colis\u00e3o. No impacto, <\/span><span style=\"font-size: inherit;\">o capacete do motociclista saiu e ele caiu batendo a cabe\u00e7a no meio fio. <\/span><\/p>\n<p style=\"text-align: justify;\"><span style=\"font-size: inherit;\">O jovem foi socorrido pelo Samu para o Hospital Regional do Agreste (HRA), e devido o estado grave de sa\u00fade, foi transferido para o Hospital da Restaura\u00e7\u00e3o (HR), em Recife.<\/span><\/p>\n","protected":false},"excerpt":{"rendered":"<p>Na manh\u00e3 desta sexta-feira (10), houve uma colis\u00e3o entre uma motocicleta e um Ford Fiesta, na avenida Jo\u00e3o Soares de&hellip;<\/p>\n","protected":false},"author":1,"featured_media":50523,"comment_status":"open","ping_status":"open","sticky":false,"template":"","format":"standard","meta":{"footnotes":""},"categories":[14120],"tags":[2,16881,17042],"class_list":["post-50522","post","type-post","status-publish","format-standard","has-post-thumbnail","hentry","category-noticias","tag-blog-do-edvaldo-magalhaes","tag-caruaru-e-regiao","tag-jovem-que-sofreu-acidente-em-caruaru-e-transferido-para-o-hr-em-recife"],"_links":{"self":[{"href":"https:\/\/blogdoedvaldomagalhaes.com.br\/index.php\/wp-json\/wp\/v2\/posts\/50522","targetHints":{"allow":["GET"]}}],"collection":[{"href":"https:\/\/blogdoedvaldomagalhaes.com.br\/index.php\/wp-json\/wp\/v2\/posts"}],"about":[{"href":"https:\/\/blogdoedvaldomagalhaes.com.br\/index.php\/wp-json\/wp\/v2\/types\/post"}],"author":[{"embeddable":true,"href":"https:\/\/blogdoedvaldomagalhaes.com.br\/index.php\/wp-json\/wp\/v2\/users\/1"}],"replies":[{"embeddable":true,"href":"https:\/\/blogdoedvaldomagalhaes.com.br\/index.php\/wp-json\/wp\/v2\/comments?post=50522"}],"version-history":[{"count":4,"href":"https:\/\/blogdoedvaldomagalhaes.com.br\/index.php\/wp-json\/wp\/v2\/posts\/50522\/revisions"}],"predecessor-version":[{"id":50528,"href":"https:\/\/blogdoedvaldomagalhaes.com.br\/index.php\/wp-json\/wp\/v2\/posts\/50522\/revisions\/50528"}],"wp:featuredmedia":[{"embeddable":true,"href":"https:\/\/blogdoedvaldomagalhaes.com.br\/index.php\/wp-json\/wp\/v2\/media\/50523"}],"wp:attachment":[{"href":"https:\/\/blogdoedvaldomagalhaes.com.br\/index.php\/wp-json\/wp\/v2\/media?parent=50522"}],"wp:term":[{"taxonomy":"category","embeddable":true,"href":"https:\/\/blogdoedvaldomagalhaes.com.br\/index.php\/wp-json\/wp\/v2\/categories?post=50522"},{"taxonomy":"post_tag","embeddable":true,"href":"https:\/\/blogdoedvaldomagalhaes.com.br\/index.php\/wp-json\/wp\/v2\/tags?post=50522"}],"curies":[{"name":"wp","href":"https:\/\/api.w.org\/{rel}","templated":true}]}}