{"id":50519,"date":"2020-01-10T20:44:52","date_gmt":"2020-01-10T23:44:52","guid":{"rendered":"http:\/\/blogdoedvaldomagalhaes.com.br\/?p=50519"},"modified":"2020-01-10T20:44:56","modified_gmt":"2020-01-10T23:44:56","slug":"central-enfrenta-o-sao-paulo-crystal-pb-no-lacerdao-neste-domingo-12","status":"publish","type":"post","link":"https:\/\/blogdoedvaldomagalhaes.com.br\/index.php\/2020\/01\/10\/central-enfrenta-o-sao-paulo-crystal-pb-no-lacerdao-neste-domingo-12\/","title":{"rendered":"Central enfrenta  o S\u00e3o Paulo Crystal-PB no Lacerd\u00e3o neste domingo (12)"},"content":{"rendered":"<p style=\"text-align: justify;\">Neste domingo (12), \u00e0s 15h30, o Est\u00e1dio Luiz Jos\u00e9 de Lacerda, o Lacerd\u00e3o, ser\u00e1 palco do amistoso Interestadual entre o Central Sport Club e o S\u00e3o Paulo Crystal da Para\u00edba.<\/p>\n<p style=\"text-align: justify;\">Para ter acesso ao jogo, o torcedor (a) dever\u00e1 levar 1kg de alimento n\u00e3o perec\u00edvel (por pessoa) ao Lacerd\u00e3o. O Alvinegro Caruaruense conta com voc\u00ea torcedor (a), para apoiar o Glorioso no \u00faltimo desafio antes da estreia no Campeonato Pernambucano S\u00e9rie A1.<\/p>\n<p style=\"text-align: justify;\">Informa\u00e7\u00f5es: Departamento de Comunica\u00e7\u00e3o do Central Sport Club.<\/p>\n","protected":false},"excerpt":{"rendered":"<p>Neste domingo (12), \u00e0s 15h30, o Est\u00e1dio Luiz Jos\u00e9 de Lacerda, o Lacerd\u00e3o, ser\u00e1 palco do amistoso Interestadual entre o&hellip;<\/p>\n","protected":false},"author":1,"featured_media":50520,"comment_status":"open","ping_status":"open","sticky":false,"template":"","format":"standard","meta":{"footnotes":""},"categories":[14124],"tags":[2,16881],"class_list":["post-50519","post","type-post","status-publish","format-standard","has-post-thumbnail","hentry","category-centralsc","tag-blog-do-edvaldo-magalhaes","tag-caruaru-e-regiao"],"_links":{"self":[{"href":"https:\/\/blogdoedvaldomagalhaes.com.br\/index.php\/wp-json\/wp\/v2\/posts\/50519","targetHints":{"allow":["GET"]}}],"collection":[{"href":"https:\/\/blogdoedvaldomagalhaes.com.br\/index.php\/wp-json\/wp\/v2\/posts"}],"about":[{"href":"https:\/\/blogdoedvaldomagalhaes.com.br\/index.php\/wp-json\/wp\/v2\/types\/post"}],"author":[{"embeddable":true,"href":"https:\/\/blogdoedvaldomagalhaes.com.br\/index.php\/wp-json\/wp\/v2\/users\/1"}],"replies":[{"embeddable":true,"href":"https:\/\/blogdoedvaldomagalhaes.com.br\/index.php\/wp-json\/wp\/v2\/comments?post=50519"}],"version-history":[{"count":1,"href":"https:\/\/blogdoedvaldomagalhaes.com.br\/index.php\/wp-json\/wp\/v2\/posts\/50519\/revisions"}],"predecessor-version":[{"id":50521,"href":"https:\/\/blogdoedvaldomagalhaes.com.br\/index.php\/wp-json\/wp\/v2\/posts\/50519\/revisions\/50521"}],"wp:featuredmedia":[{"embeddable":true,"href":"https:\/\/blogdoedvaldomagalhaes.com.br\/index.php\/wp-json\/wp\/v2\/media\/50520"}],"wp:attachment":[{"href":"https:\/\/blogdoedvaldomagalhaes.com.br\/index.php\/wp-json\/wp\/v2\/media?parent=50519"}],"wp:term":[{"taxonomy":"category","embeddable":true,"href":"https:\/\/blogdoedvaldomagalhaes.com.br\/index.php\/wp-json\/wp\/v2\/categories?post=50519"},{"taxonomy":"post_tag","embeddable":true,"href":"https:\/\/blogdoedvaldomagalhaes.com.br\/index.php\/wp-json\/wp\/v2\/tags?post=50519"}],"curies":[{"name":"wp","href":"https:\/\/api.w.org\/{rel}","templated":true}]}}