{"id":50515,"date":"2020-01-10T20:21:32","date_gmt":"2020-01-10T23:21:32","guid":{"rendered":"http:\/\/blogdoedvaldomagalhaes.com.br\/?p=50515"},"modified":"2020-01-10T20:21:36","modified_gmt":"2020-01-10T23:21:36","slug":"gaeda-pleiteia-na-justica-medicamento-para-cachorro-com-doenca-grave","status":"publish","type":"post","link":"https:\/\/blogdoedvaldomagalhaes.com.br\/index.php\/2020\/01\/10\/gaeda-pleiteia-na-justica-medicamento-para-cachorro-com-doenca-grave\/","title":{"rendered":"Gaeda pleiteia na justi\u00e7a medicamento para cachorro com doen\u00e7a grave"},"content":{"rendered":"<p style=\"text-align: justify;\"><span style=\"font-size: inherit;\">Protocolada na 2\u00aa Vara da Fazenda P\u00fablica da Comarca de Caruaru, uma a\u00e7\u00e3o de Obriga\u00e7\u00e3o de fazer contra o munic\u00edpio de Caruaru e o Estado de Pernambuco, pleiteando medica\u00e7\u00e3o para um cachorrinho chamado Vitor, ele tem uma doen\u00e7a chamada Leishmaniose Visceral, uma doen\u00e7a causada por protozo\u00e1rios e transmitida por um mosquito.<\/span><\/p>\n<p style=\"text-align: justify;\">A a\u00e7\u00e3o foi proposta pelo GAEDA \u2013 Grupo de Apoio Especial e Defesa Animal de Caruaru e visa ajudar tutores de baixa renda que n\u00e3o tem condi\u00e7\u00f5es de arcar com as custas do tratamento do seu animal.<\/p>\n<p style=\"text-align: justify;\">Atualmente, os animais s\u00e3o considerados por muitas pessoas como integrantes do n\u00facleo familiar. Eles v\u00eam sendo reconhecidos como indiv\u00edduos de direito no \u00e2mbito de direito de fam\u00edlia, tendo decis\u00f5es importantes como recebimento de pens\u00e3o aliment\u00edcia, obtendo guarda compartilhada, e porque n\u00e3o receber o direito a sa\u00fade?!<\/p>\n<p style=\"text-align: justify;\">A jurisprud\u00eancia tem consolidado o acesso \u00e0 medicamentos de alto custo, para tratamento de enfermidades que acometem seres humanos, direito fundamental garantido pelo Constitui\u00e7\u00e3o Federal. Pessoas vulner\u00e1veis t\u00eam obtido a tutela jurisdicional para que o Munic\u00edpio ou Estado arque com as custas, e nada mais justo que o Direito a Sa\u00fade ser pleiteado ao melhor amigo do homem, n\u00e9 verdade?<\/p>\n<p style=\"text-align: justify;\">\u00c9 importante ressaltar que o tratamento da enfermidade \u00e9 um direito do animal, pois n\u00e3o se pode priv\u00e1-lo de viver com dignidade. O Direito Animal no Brasil j\u00e1 conta com arcabou\u00e7o legislativo para garantir a prote\u00e7\u00e3o desses direitos. No estado da Para\u00edba existe o C\u00f3digo de Direito e Bem-Estar Animal que disp\u00f5e sobre os direitos fundamentais, ou seja, os mesmos direitos fundamentais dos humanos podem ser aplicados aos animais.<\/p>\n<p style=\"text-align: justify;\">Tais constata\u00e7\u00f5es evidenciam o dever do Estado\/munic\u00edpio em fornecer tratamento m\u00e9dico aos animais em caso de doen\u00e7a grave, em casos como este, em que a tutora n\u00e3o tem condi\u00e7\u00f5es de prover o tratamento. Analogamente aos casos em que a assist\u00eancia \u00e0 sa\u00fade \u00e9 devida pelo poder p\u00fablico \u00e0s pessoas carentes.<\/p>\n\n\n<figure class=\"wp-block-image size-large\"><img loading=\"lazy\" decoding=\"async\" width=\"1024\" height=\"1008\" src=\"http:\/\/blogdoedvaldomagalhaes.com.br\/wp-content\/uploads\/2020\/01\/IMG-20200110-WA0048-1024x1008.jpg\" alt=\"\" class=\"wp-image-50517\" srcset=\"https:\/\/blogdoedvaldomagalhaes.com.br\/wp-content\/uploads\/2020\/01\/IMG-20200110-WA0048-1024x1008.jpg 1024w, https:\/\/blogdoedvaldomagalhaes.com.br\/wp-content\/uploads\/2020\/01\/IMG-20200110-WA0048-300x295.jpg 300w, https:\/\/blogdoedvaldomagalhaes.com.br\/wp-content\/uploads\/2020\/01\/IMG-20200110-WA0048-768x756.jpg 768w, https:\/\/blogdoedvaldomagalhaes.com.br\/wp-content\/uploads\/2020\/01\/IMG-20200110-WA0048.jpg 1242w\" sizes=\"auto, (max-width: 1024px) 100vw, 1024px\" \/><\/figure>\n","protected":false},"excerpt":{"rendered":"<p>Protocolada na 2\u00aa Vara da Fazenda P\u00fablica da Comarca de Caruaru, uma a\u00e7\u00e3o de Obriga\u00e7\u00e3o de fazer contra o munic\u00edpio&hellip;<\/p>\n","protected":false},"author":1,"featured_media":50516,"comment_status":"open","ping_status":"open","sticky":false,"template":"","format":"standard","meta":{"footnotes":""},"categories":[14120],"tags":[2,16881,17040],"class_list":["post-50515","post","type-post","status-publish","format-standard","has-post-thumbnail","hentry","category-noticias","tag-blog-do-edvaldo-magalhaes","tag-caruaru-e-regiao","tag-gaeda-pleiteia-na-justica-medicamento-para-cachorro-com-doenca-grave"],"_links":{"self":[{"href":"https:\/\/blogdoedvaldomagalhaes.com.br\/index.php\/wp-json\/wp\/v2\/posts\/50515","targetHints":{"allow":["GET"]}}],"collection":[{"href":"https:\/\/blogdoedvaldomagalhaes.com.br\/index.php\/wp-json\/wp\/v2\/posts"}],"about":[{"href":"https:\/\/blogdoedvaldomagalhaes.com.br\/index.php\/wp-json\/wp\/v2\/types\/post"}],"author":[{"embeddable":true,"href":"https:\/\/blogdoedvaldomagalhaes.com.br\/index.php\/wp-json\/wp\/v2\/users\/1"}],"replies":[{"embeddable":true,"href":"https:\/\/blogdoedvaldomagalhaes.com.br\/index.php\/wp-json\/wp\/v2\/comments?post=50515"}],"version-history":[{"count":1,"href":"https:\/\/blogdoedvaldomagalhaes.com.br\/index.php\/wp-json\/wp\/v2\/posts\/50515\/revisions"}],"predecessor-version":[{"id":50518,"href":"https:\/\/blogdoedvaldomagalhaes.com.br\/index.php\/wp-json\/wp\/v2\/posts\/50515\/revisions\/50518"}],"wp:featuredmedia":[{"embeddable":true,"href":"https:\/\/blogdoedvaldomagalhaes.com.br\/index.php\/wp-json\/wp\/v2\/media\/50516"}],"wp:attachment":[{"href":"https:\/\/blogdoedvaldomagalhaes.com.br\/index.php\/wp-json\/wp\/v2\/media?parent=50515"}],"wp:term":[{"taxonomy":"category","embeddable":true,"href":"https:\/\/blogdoedvaldomagalhaes.com.br\/index.php\/wp-json\/wp\/v2\/categories?post=50515"},{"taxonomy":"post_tag","embeddable":true,"href":"https:\/\/blogdoedvaldomagalhaes.com.br\/index.php\/wp-json\/wp\/v2\/tags?post=50515"}],"curies":[{"name":"wp","href":"https:\/\/api.w.org\/{rel}","templated":true}]}}