{"id":50510,"date":"2020-01-10T20:04:17","date_gmt":"2020-01-10T23:04:17","guid":{"rendered":"http:\/\/blogdoedvaldomagalhaes.com.br\/?p=50510"},"modified":"2020-01-10T20:04:20","modified_gmt":"2020-01-10T23:04:20","slug":"homem-e-detido-com-arma-e-caminhao-roubado-em-caruaru","status":"publish","type":"post","link":"https:\/\/blogdoedvaldomagalhaes.com.br\/index.php\/2020\/01\/10\/homem-e-detido-com-arma-e-caminhao-roubado-em-caruaru\/","title":{"rendered":"Homem \u00e9 detido com arma e caminh\u00e3o roubado em Caruaru"},"content":{"rendered":"<p style=\"text-align: justify;\"><span style=\"font-size: inherit;\">Um homem de 22 anos que estava em um caminh\u00e3o roubado foi detido com um rev\u00f3lver municiado nesta sexta-feira (10), em Caruaru, no Agreste de Pernambuco. O flagrante ocorreu ap\u00f3s o suspeito desembarcar do ve\u00edculo em movimento e tentar fugir por dentro de uma comunidade.<\/span><\/p>\n<p style=\"text-align: justify;\">Policiais avistaram o motorista de um caminh\u00e3o realizando uma manobra perigosa no quil\u00f4metro 78 da BR 104 e quase causando um acidente. Foi dada ordem de parada ao condutor, mas os dois ocupantes do ve\u00edculo sa\u00edram da cabine em movimento e correram para uma comunidade.<\/p>\n<p style=\"text-align: justify;\">Durante a tentativa de fuga, um dos homens ainda apontou a arma para os policiais, mas acabou sendo alcan\u00e7ado pela equipe sem ferimentos. O outro indiv\u00edduo conseguiu fugir.<\/p>\n<p style=\"text-align: justify;\">Ap\u00f3s um procedimento de identifica\u00e7\u00e3o, foi descoberto que o homem estava cumprindo o regime semiaberto por homic\u00eddio. Ele portava um rev\u00f3lver calibre .38 com cinco muni\u00e7\u00f5es e R$900,00.<\/p>\n<p style=\"text-align: justify;\">A ocorr\u00eancia foi encaminhada \u00e0 delegacia de Pol\u00edcia Civil de Caruaru, para os procedimentos cab\u00edveis.<\/p>\n\n\n<figure class=\"wp-block-image size-large\"><img loading=\"lazy\" decoding=\"async\" width=\"1024\" height=\"768\" src=\"http:\/\/blogdoedvaldomagalhaes.com.br\/wp-content\/uploads\/2020\/01\/IMG-20200110-WA0141-1024x768.jpg\" alt=\"\" class=\"wp-image-50512\" srcset=\"https:\/\/blogdoedvaldomagalhaes.com.br\/wp-content\/uploads\/2020\/01\/IMG-20200110-WA0141-1024x768.jpg 1024w, https:\/\/blogdoedvaldomagalhaes.com.br\/wp-content\/uploads\/2020\/01\/IMG-20200110-WA0141-300x225.jpg 300w, https:\/\/blogdoedvaldomagalhaes.com.br\/wp-content\/uploads\/2020\/01\/IMG-20200110-WA0141-768x576.jpg 768w, https:\/\/blogdoedvaldomagalhaes.com.br\/wp-content\/uploads\/2020\/01\/IMG-20200110-WA0141-160x120.jpg 160w, https:\/\/blogdoedvaldomagalhaes.com.br\/wp-content\/uploads\/2020\/01\/IMG-20200110-WA0141.jpg 1280w\" sizes=\"auto, (max-width: 1024px) 100vw, 1024px\" \/><\/figure>\n\n\n\n<figure class=\"wp-block-image size-large\"><img loading=\"lazy\" decoding=\"async\" width=\"1024\" height=\"576\" src=\"http:\/\/blogdoedvaldomagalhaes.com.br\/wp-content\/uploads\/2020\/01\/IMG-20200110-WA0142-1024x576.jpg\" alt=\"\" class=\"wp-image-50513\" srcset=\"https:\/\/blogdoedvaldomagalhaes.com.br\/wp-content\/uploads\/2020\/01\/IMG-20200110-WA0142-1024x576.jpg 1024w, https:\/\/blogdoedvaldomagalhaes.com.br\/wp-content\/uploads\/2020\/01\/IMG-20200110-WA0142-300x169.jpg 300w, https:\/\/blogdoedvaldomagalhaes.com.br\/wp-content\/uploads\/2020\/01\/IMG-20200110-WA0142-768x432.jpg 768w, https:\/\/blogdoedvaldomagalhaes.com.br\/wp-content\/uploads\/2020\/01\/IMG-20200110-WA0142-1140x641.jpg 1140w, https:\/\/blogdoedvaldomagalhaes.com.br\/wp-content\/uploads\/2020\/01\/IMG-20200110-WA0142-720x405.jpg 720w, https:\/\/blogdoedvaldomagalhaes.com.br\/wp-content\/uploads\/2020\/01\/IMG-20200110-WA0142.jpg 1152w\" sizes=\"auto, (max-width: 1024px) 100vw, 1024px\" \/><figcaption>Informa\u00e7\u00f5es e fotos: PRF<\/figcaption><\/figure>\n","protected":false},"excerpt":{"rendered":"<p>Um homem de 22 anos que estava em um caminh\u00e3o roubado foi detido com um rev\u00f3lver municiado nesta sexta-feira (10),&hellip;<\/p>\n","protected":false},"author":1,"featured_media":50511,"comment_status":"open","ping_status":"open","sticky":false,"template":"","format":"standard","meta":{"footnotes":""},"categories":[14121],"tags":[2,16881,17039],"class_list":["post-50510","post","type-post","status-publish","format-standard","has-post-thumbnail","hentry","category-policial","tag-blog-do-edvaldo-magalhaes","tag-caruaru-e-regiao","tag-homem-e-detido-com-arma-e-caminhao-roubado-em-caruaru"],"_links":{"self":[{"href":"https:\/\/blogdoedvaldomagalhaes.com.br\/index.php\/wp-json\/wp\/v2\/posts\/50510","targetHints":{"allow":["GET"]}}],"collection":[{"href":"https:\/\/blogdoedvaldomagalhaes.com.br\/index.php\/wp-json\/wp\/v2\/posts"}],"about":[{"href":"https:\/\/blogdoedvaldomagalhaes.com.br\/index.php\/wp-json\/wp\/v2\/types\/post"}],"author":[{"embeddable":true,"href":"https:\/\/blogdoedvaldomagalhaes.com.br\/index.php\/wp-json\/wp\/v2\/users\/1"}],"replies":[{"embeddable":true,"href":"https:\/\/blogdoedvaldomagalhaes.com.br\/index.php\/wp-json\/wp\/v2\/comments?post=50510"}],"version-history":[{"count":1,"href":"https:\/\/blogdoedvaldomagalhaes.com.br\/index.php\/wp-json\/wp\/v2\/posts\/50510\/revisions"}],"predecessor-version":[{"id":50514,"href":"https:\/\/blogdoedvaldomagalhaes.com.br\/index.php\/wp-json\/wp\/v2\/posts\/50510\/revisions\/50514"}],"wp:featuredmedia":[{"embeddable":true,"href":"https:\/\/blogdoedvaldomagalhaes.com.br\/index.php\/wp-json\/wp\/v2\/media\/50511"}],"wp:attachment":[{"href":"https:\/\/blogdoedvaldomagalhaes.com.br\/index.php\/wp-json\/wp\/v2\/media?parent=50510"}],"wp:term":[{"taxonomy":"category","embeddable":true,"href":"https:\/\/blogdoedvaldomagalhaes.com.br\/index.php\/wp-json\/wp\/v2\/categories?post=50510"},{"taxonomy":"post_tag","embeddable":true,"href":"https:\/\/blogdoedvaldomagalhaes.com.br\/index.php\/wp-json\/wp\/v2\/tags?post=50510"}],"curies":[{"name":"wp","href":"https:\/\/api.w.org\/{rel}","templated":true}]}}