{"id":50506,"date":"2020-01-10T12:19:54","date_gmt":"2020-01-10T15:19:54","guid":{"rendered":"http:\/\/blogdoedvaldomagalhaes.com.br\/?p=50506"},"modified":"2020-01-10T12:19:57","modified_gmt":"2020-01-10T15:19:57","slug":"central-lanca-plano-de-socio-avante-confira","status":"publish","type":"post","link":"https:\/\/blogdoedvaldomagalhaes.com.br\/index.php\/2020\/01\/10\/central-lanca-plano-de-socio-avante-confira\/","title":{"rendered":"Central lan\u00e7a plano de S\u00f3cio Avante; Confira"},"content":{"rendered":"<p style=\"text-align: justify;\">Na noite desta quinta-feira (09), na pra\u00e7a de alimenta\u00e7\u00e3o do Shopping Difusora, o Central Sport Club lan\u00e7ou o plano de S\u00f3cio Avante em parceria com a Data Click, empresa com Know how de aproximadamente 40 clubes de futebol no pa\u00eds.<\/p>\n<p style=\"text-align: justify;\">O evento contou com a participa\u00e7\u00e3o da diretoria do clube Alvinegro, o representante da Data Click, Daniel Alc\u00e2ntara, o zagueiro Allan Miguel, os atacantes Leandro Costa e Bambam e a torcida Centralina, que lotou o 3\u00ba piso do centro de compras. O lan\u00e7amento do plano de s\u00f3cio tamb\u00e9m teve o show, voz e viol\u00e3o, do artista local Laranjinha.<\/p>\n<p style=\"text-align: justify;\">S\u00f3cio Campe\u00e3o, S\u00f3cia Mestra Professora Nat\u00e1lia, S\u00f3cio Patativa e S\u00f3cio Centen\u00e1rio s\u00e3o as modalidades que os associados poder\u00e3o optar.<\/p>\n<p style=\"text-align: justify;\">Todas as categorias de s\u00f3cio contam com um clube de vantagens, o que proporciona descontos em v\u00e1rios estabelecimentos comercias em todo o Brasil.<\/p>\n<p style=\"text-align: justify;\">O lan\u00e7amento do plano de S\u00f3cio Avante, em parceria com a empresa Data Click representa um novo patamar para o Central de Caruaru no relacionamento com o seu maior patrim\u00f4nio, o apaixonado (a) torcedor.<\/p>\n<p style=\"text-align: justify;\">Informa\u00e7\u00f5es: Departamento de Comunica\u00e7\u00e3o do Central Sport Club.<\/p>\n\n\n<figure class=\"wp-block-image size-large\"><img loading=\"lazy\" decoding=\"async\" width=\"1024\" height=\"768\" src=\"http:\/\/blogdoedvaldomagalhaes.com.br\/wp-content\/uploads\/2020\/01\/IMG-20200110-WA0111-1024x768.jpg\" alt=\"\" class=\"wp-image-50508\" srcset=\"https:\/\/blogdoedvaldomagalhaes.com.br\/wp-content\/uploads\/2020\/01\/IMG-20200110-WA0111-1024x768.jpg 1024w, https:\/\/blogdoedvaldomagalhaes.com.br\/wp-content\/uploads\/2020\/01\/IMG-20200110-WA0111-300x225.jpg 300w, https:\/\/blogdoedvaldomagalhaes.com.br\/wp-content\/uploads\/2020\/01\/IMG-20200110-WA0111-768x576.jpg 768w, https:\/\/blogdoedvaldomagalhaes.com.br\/wp-content\/uploads\/2020\/01\/IMG-20200110-WA0111-160x120.jpg 160w, https:\/\/blogdoedvaldomagalhaes.com.br\/wp-content\/uploads\/2020\/01\/IMG-20200110-WA0111.jpg 1280w\" sizes=\"auto, (max-width: 1024px) 100vw, 1024px\" \/><\/figure>\n","protected":false},"excerpt":{"rendered":"<p>Na noite desta quinta-feira (09), na pra\u00e7a de alimenta\u00e7\u00e3o do Shopping Difusora, o Central Sport Club lan\u00e7ou o plano de&hellip;<\/p>\n","protected":false},"author":1,"featured_media":50507,"comment_status":"open","ping_status":"open","sticky":false,"template":"","format":"standard","meta":{"footnotes":""},"categories":[14124],"tags":[2,16881,17038],"class_list":["post-50506","post","type-post","status-publish","format-standard","has-post-thumbnail","hentry","category-centralsc","tag-blog-do-edvaldo-magalhaes","tag-caruaru-e-regiao","tag-central-lanca-plano-de-socio-avante-confira"],"_links":{"self":[{"href":"https:\/\/blogdoedvaldomagalhaes.com.br\/index.php\/wp-json\/wp\/v2\/posts\/50506","targetHints":{"allow":["GET"]}}],"collection":[{"href":"https:\/\/blogdoedvaldomagalhaes.com.br\/index.php\/wp-json\/wp\/v2\/posts"}],"about":[{"href":"https:\/\/blogdoedvaldomagalhaes.com.br\/index.php\/wp-json\/wp\/v2\/types\/post"}],"author":[{"embeddable":true,"href":"https:\/\/blogdoedvaldomagalhaes.com.br\/index.php\/wp-json\/wp\/v2\/users\/1"}],"replies":[{"embeddable":true,"href":"https:\/\/blogdoedvaldomagalhaes.com.br\/index.php\/wp-json\/wp\/v2\/comments?post=50506"}],"version-history":[{"count":1,"href":"https:\/\/blogdoedvaldomagalhaes.com.br\/index.php\/wp-json\/wp\/v2\/posts\/50506\/revisions"}],"predecessor-version":[{"id":50509,"href":"https:\/\/blogdoedvaldomagalhaes.com.br\/index.php\/wp-json\/wp\/v2\/posts\/50506\/revisions\/50509"}],"wp:featuredmedia":[{"embeddable":true,"href":"https:\/\/blogdoedvaldomagalhaes.com.br\/index.php\/wp-json\/wp\/v2\/media\/50507"}],"wp:attachment":[{"href":"https:\/\/blogdoedvaldomagalhaes.com.br\/index.php\/wp-json\/wp\/v2\/media?parent=50506"}],"wp:term":[{"taxonomy":"category","embeddable":true,"href":"https:\/\/blogdoedvaldomagalhaes.com.br\/index.php\/wp-json\/wp\/v2\/categories?post=50506"},{"taxonomy":"post_tag","embeddable":true,"href":"https:\/\/blogdoedvaldomagalhaes.com.br\/index.php\/wp-json\/wp\/v2\/tags?post=50506"}],"curies":[{"name":"wp","href":"https:\/\/api.w.org\/{rel}","templated":true}]}}