{"id":505,"date":"2018-12-06T12:50:00","date_gmt":"2018-12-06T14:50:00","guid":{"rendered":"http:\/\/blogdoedvaldomagalhaes.com.br\/index.php\/2018\/12\/06\/conselho-de-seguranca-cidada-implantado\/"},"modified":"2019-02-09T02:44:40","modified_gmt":"2019-02-09T04:44:40","slug":"conselho-de-seguranca-cidada-implantado","status":"publish","type":"post","link":"https:\/\/blogdoedvaldomagalhaes.com.br\/index.php\/2018\/12\/06\/conselho-de-seguranca-cidada-implantado\/","title":{"rendered":"Conselho de Seguran\u00e7a Cidad\u00e3 implantado no 3\u00ba distrito de Caruaru"},"content":{"rendered":"<div class=\"separator\" style=\"clear: both; text-align: center;\">\n<a href=\"https:\/\/4.bp.blogspot.com\/-yo1iFPNfgWg\/XAkYcNIHQRI\/AAAAAAAA_IQ\/kzWqHLjzUcc4EhkJ7xNlUhhuzBREBneXACLcBGAs\/s1600\/01.jpg\" imageanchor=\"1\" style=\"margin-left: 1em; margin-right: 1em;\"><img loading=\"lazy\" decoding=\"async\" border=\"0\" data-original-height=\"853\" data-original-width=\"1280\" height=\"426\" src=\"http:\/\/blogdoedvaldomagalhaes.com.br\/wp-content\/uploads\/2018\/12\/01.jpg\" width=\"640\" \/><\/a><\/div>\n<div class=\"separator\" style=\"clear: both; text-align: center;\">\nFotos: Jorge Farias\/Divulga\u00e7\u00e3o<\/div>\n<div style=\"text-align: justify;\">\n<\/div>\n<div style=\"text-align: justify;\">\nA Prefeitura de Caruaru realizou a 12\u00aa implanta\u00e7\u00e3o do Conselho de Seguran\u00e7a Cidad\u00e3 dos bairros e da zona rural (CONSEC), na noite dessa quarta-feira (05), no 3\u00ba distrito da Zona Rural, em Malhada de Pedra. \u201cEstamos muito felizes com a participa\u00e7\u00e3o da popula\u00e7\u00e3o, uma plen\u00e1ria lotada para mais uma implanta\u00e7\u00e3o na zona rural. Depois de passar pela zona urbana, conseguimos instalar os conselhos nos quatro distritos de Caruaru. Trabalhamos juntos com a comunidade para devolvendo os melhores servi\u00e7os para os moradores\u201d, enfatizou a prefeita Raquel Lyra.<\/div>\n<div style=\"text-align: justify;\">\n<\/div>\n<div class=\"separator\" style=\"clear: both; text-align: center;\">\n<a href=\"https:\/\/1.bp.blogspot.com\/-A8jK2pyZUDo\/XAkaeGzUfeI\/AAAAAAAA_IY\/nmp8Uw_8LeEI8oCo6lvAsvEH0W49UMM6gCLcBGAs\/s1600\/02.jpg\" imageanchor=\"1\" style=\"margin-left: 1em; margin-right: 1em;\"><img loading=\"lazy\" decoding=\"async\" border=\"0\" data-original-height=\"853\" data-original-width=\"1280\" height=\"426\" src=\"http:\/\/blogdoedvaldomagalhaes.com.br\/wp-content\/uploads\/2018\/12\/02.jpg\" width=\"640\" \/><\/a><\/div>\n<div style=\"text-align: justify;\">\n<\/div>\n<div style=\"text-align: justify;\">\nParticiparam da implanta\u00e7\u00e3o do Consec, junto \u00e0 prefeita, representantes das secretarias municipais, policiais civis e militares, representante do Disque-Den\u00fancia e outras entidades, junto \u00e0 comunidade local. \u201c\u00c9 de extrema import\u00e2ncia \u00e0 intera\u00e7\u00e3o entre os \u00f3rg\u00e3os de seguran\u00e7a, o poder municipal e a popula\u00e7\u00e3o. As pessoas podem falar da sua realidade, sabendo que o poder p\u00fablico vai estar envolvido para resolver os problemas da comunidade\u201d, relatou o delegado da Pol\u00edcia Civil, Thiago Henrique.<\/div>\n<div style=\"text-align: justify;\">\n<\/div>\n<div class=\"separator\" style=\"clear: both; text-align: center;\">\n<a href=\"https:\/\/4.bp.blogspot.com\/-7Jeaaob1CZk\/XAkaoPp-ROI\/AAAAAAAA_Ic\/JSBudYBRK7QQGAklvbpzwPVEG_XCgyUbQCLcBGAs\/s1600\/03.jpg\" imageanchor=\"1\" style=\"margin-left: 1em; margin-right: 1em;\"><img loading=\"lazy\" decoding=\"async\" border=\"0\" data-original-height=\"853\" data-original-width=\"1280\" height=\"426\" src=\"http:\/\/blogdoedvaldomagalhaes.com.br\/wp-content\/uploads\/2018\/12\/03.jpg\" width=\"640\" \/><\/a><\/div>\n<div style=\"text-align: justify;\">\n<\/div>\n<div style=\"text-align: justify;\">\nFoi votada pela comunidade a composi\u00e7\u00e3o do conselho e, atrav\u00e9s dessa mesa diretora, os problemas do distrito foram apresentados ao Comit\u00ea Juntos Pela Seguran\u00e7a. O comit\u00ea ser\u00e1 respons\u00e1vel pela implementa\u00e7\u00e3o e monitoramento do Plano Municipal Juntos pela Seguran\u00e7a em conson\u00e2ncia com as a\u00e7\u00f5es e atribui\u00e7\u00f5es constitucionais dos diversos \u00f3rg\u00e3os da esfera do poder p\u00fablico federal e estadual, que atuam na preserva\u00e7\u00e3o da ordem p\u00fablica, trazendo, assim, resultados positivos na preven\u00e7\u00e3o \u00e0 viol\u00eancia em Caruaru. \u201c\u00c9 uma grande oportunidade de reivindicar nossos direitos, vamos mudar a vida dos moradores do local. Com o Conselho temos a oportunidade de trazer melhorias para nossa comunidade\u201d, relatou Levi Gomes, presidente eleito do Consec do 3\u00ba distrito da zona rural.<\/div>\n<div style=\"text-align: justify;\">\n<\/div>\n<div class=\"separator\" style=\"clear: both; text-align: center;\">\n<a href=\"https:\/\/4.bp.blogspot.com\/-MltwD_kr59Q\/XAka6dulJJI\/AAAAAAAA_Ik\/lzQM8dfwxcUNYXfvvTU3ht_ivZCSqvzowCLcBGAs\/s1600\/04.jpg\" imageanchor=\"1\" style=\"margin-left: 1em; margin-right: 1em;\"><img loading=\"lazy\" decoding=\"async\" border=\"0\" data-original-height=\"853\" data-original-width=\"1280\" height=\"426\" src=\"http:\/\/blogdoedvaldomagalhaes.com.br\/wp-content\/uploads\/2018\/12\/04.jpg\" width=\"640\" \/><\/a><\/div>\n<div style=\"text-align: justify;\">\n<\/div>\n<div style=\"text-align: justify;\">\nAp\u00f3s a vota\u00e7\u00e3o do Conselho, algumas demandas j\u00e1 surgiram e a secret\u00e1ria de Ordem P\u00fablica, Karla Vieira, j\u00e1 foi alinhando com sua equipe quais as medidas a serem tomadas para trazer resultados \u00e0 popula\u00e7\u00e3o. \u201cCome\u00e7amos esse trabalho em 2017, e a plen\u00e1ria no 3\u00ba distrito mostrou a confian\u00e7a das pessoas no projeto. \u00c9 com muita emo\u00e7\u00e3o que encerramos esse ano com total cobertura em toda zona rural de Caruaru, e confiantes que no pr\u00f3ximo ano teremos mais Consec\u201d, exaltou Karla Vieira.&nbsp;<\/div>\n<div style=\"text-align: justify;\">\n<\/div>\n","protected":false},"excerpt":{"rendered":"<p>Fotos: Jorge Farias\/Divulga\u00e7\u00e3o A Prefeitura de Caruaru realizou a 12\u00aa implanta\u00e7\u00e3o do Conselho de Seguran\u00e7a Cidad\u00e3 dos bairros e da&hellip;<\/p>\n","protected":false},"author":1,"featured_media":0,"comment_status":"open","ping_status":"open","sticky":false,"template":"","format":"standard","meta":{"footnotes":""},"categories":[1],"tags":[2,416,6],"class_list":["post-505","post","type-post","status-publish","format-standard","hentry","category-sem-categoria","tag-blog-do-edvaldo-magalhaes","tag-conselho-de-seguranca-cidada-e-implantado-no-3o-distrito-de-caruaru","tag-noticias"],"_links":{"self":[{"href":"https:\/\/blogdoedvaldomagalhaes.com.br\/index.php\/wp-json\/wp\/v2\/posts\/505","targetHints":{"allow":["GET"]}}],"collection":[{"href":"https:\/\/blogdoedvaldomagalhaes.com.br\/index.php\/wp-json\/wp\/v2\/posts"}],"about":[{"href":"https:\/\/blogdoedvaldomagalhaes.com.br\/index.php\/wp-json\/wp\/v2\/types\/post"}],"author":[{"embeddable":true,"href":"https:\/\/blogdoedvaldomagalhaes.com.br\/index.php\/wp-json\/wp\/v2\/users\/1"}],"replies":[{"embeddable":true,"href":"https:\/\/blogdoedvaldomagalhaes.com.br\/index.php\/wp-json\/wp\/v2\/comments?post=505"}],"version-history":[{"count":1,"href":"https:\/\/blogdoedvaldomagalhaes.com.br\/index.php\/wp-json\/wp\/v2\/posts\/505\/revisions"}],"predecessor-version":[{"id":36537,"href":"https:\/\/blogdoedvaldomagalhaes.com.br\/index.php\/wp-json\/wp\/v2\/posts\/505\/revisions\/36537"}],"wp:attachment":[{"href":"https:\/\/blogdoedvaldomagalhaes.com.br\/index.php\/wp-json\/wp\/v2\/media?parent=505"}],"wp:term":[{"taxonomy":"category","embeddable":true,"href":"https:\/\/blogdoedvaldomagalhaes.com.br\/index.php\/wp-json\/wp\/v2\/categories?post=505"},{"taxonomy":"post_tag","embeddable":true,"href":"https:\/\/blogdoedvaldomagalhaes.com.br\/index.php\/wp-json\/wp\/v2\/tags?post=505"}],"curies":[{"name":"wp","href":"https:\/\/api.w.org\/{rel}","templated":true}]}}