{"id":50492,"date":"2020-01-09T22:10:26","date_gmt":"2020-01-10T01:10:26","guid":{"rendered":"http:\/\/blogdoedvaldomagalhaes.com.br\/?p=50492"},"modified":"2020-01-09T22:10:29","modified_gmt":"2020-01-10T01:10:29","slug":"operacao-verao-em-caruaru-para-prevenir-o-aparecimento-de-muricocas-e-diminuir-os-riscos-de-inundacoes-nos-meses-chuvosos","status":"publish","type":"post","link":"https:\/\/blogdoedvaldomagalhaes.com.br\/index.php\/2020\/01\/09\/operacao-verao-em-caruaru-para-prevenir-o-aparecimento-de-muricocas-e-diminuir-os-riscos-de-inundacoes-nos-meses-chuvosos\/","title":{"rendered":"Opera\u00e7\u00e3o Ver\u00e3o em Caruaru para prevenir o aparecimento de muri\u00e7ocas e diminuir os riscos de inunda\u00e7\u00f5es nos meses chuvosos"},"content":{"rendered":"<p style=\"text-align: justify;\"><span style=\"font-size: inherit;\">A prefeitura de Caruaru, atrav\u00e9s da Secretaria de Servi\u00e7os P\u00fablicos, iniciou a Opera\u00e7\u00e3o Ver\u00e3o 2020. Os servi\u00e7os de limpeza est\u00e3o sendo realizados no Rio Ipojuca e canais da cidade, dando continuidade ao trabalho que \u00e9 feito durante todo o ano. Para se ter uma ideia, no ano passado foram retirados do rio Ipojuca, 20 mil toneladas de lixo por dia, o que equivale a 450 toneladas por m\u00eas.<\/span><\/p>\n<p style=\"text-align: justify;\">As equipes da Secretaria de Servi\u00e7os P\u00fablicos est\u00e3o trabalhando na remo\u00e7\u00e3o de entulhos, lixo e baronesas em todo o trecho do rio e nos canais que cortam os bairros. <br \/>Tamb\u00e9m est\u00e3o sendo realizadas a desobstru\u00e7\u00e3o de bueiros e canais e a manuten\u00e7\u00e3o das calhas. Al\u00e9m dessaa a\u00e7\u00f5es voltadas para o rio Ipojuca, a *Opera\u00e7\u00e3o Ver\u00e3o 2020*, tamb\u00e9m abrange a limpeza das ruas da cidade (varri\u00e7\u00e3o, capina\u00e7\u00e3o e podas); a remo\u00e7\u00e3o de entulhos; raspagem da linha d&#8217;\u00e1gua e um trabalho de conscientiza\u00e7\u00e3o com a popula\u00e7\u00e3o.<\/p>\n<p style=\"text-align: justify;\">As equipes est\u00e3o orientando a popula\u00e7\u00e3o sobre o descarte correto do lixo; o uso dos cont\u00eaineres; o descarte irregular de entulhos \u00e0s margens do rio e levando informa\u00e7\u00f5es sobre os servi\u00e7os da *Coleta Seletiva* e o servi\u00e7o do *Cata-Treco*, que pode ser solicitado atrav\u00e9s do 3701-1455 de forma gratuita.<\/p>\n\n\n<figure class=\"wp-block-image size-large\"><img loading=\"lazy\" decoding=\"async\" width=\"768\" height=\"1024\" src=\"http:\/\/blogdoedvaldomagalhaes.com.br\/wp-content\/uploads\/2020\/01\/IMG-20200109-WA0121-768x1024.jpg\" alt=\"\" class=\"wp-image-50494\" srcset=\"https:\/\/blogdoedvaldomagalhaes.com.br\/wp-content\/uploads\/2020\/01\/IMG-20200109-WA0121-768x1024.jpg 768w, https:\/\/blogdoedvaldomagalhaes.com.br\/wp-content\/uploads\/2020\/01\/IMG-20200109-WA0121-225x300.jpg 225w, https:\/\/blogdoedvaldomagalhaes.com.br\/wp-content\/uploads\/2020\/01\/IMG-20200109-WA0121.jpg 960w\" sizes=\"auto, (max-width: 768px) 100vw, 768px\" \/><\/figure>\n\n\n\n<figure class=\"wp-block-image size-large\"><img loading=\"lazy\" decoding=\"async\" width=\"768\" height=\"1024\" src=\"http:\/\/blogdoedvaldomagalhaes.com.br\/wp-content\/uploads\/2020\/01\/IMG-20200109-WA0122-768x1024.jpg\" alt=\"\" class=\"wp-image-50495\" srcset=\"https:\/\/blogdoedvaldomagalhaes.com.br\/wp-content\/uploads\/2020\/01\/IMG-20200109-WA0122-768x1024.jpg 768w, https:\/\/blogdoedvaldomagalhaes.com.br\/wp-content\/uploads\/2020\/01\/IMG-20200109-WA0122-225x300.jpg 225w, https:\/\/blogdoedvaldomagalhaes.com.br\/wp-content\/uploads\/2020\/01\/IMG-20200109-WA0122.jpg 780w\" sizes=\"auto, (max-width: 768px) 100vw, 768px\" \/><\/figure>\n\n\n\n<figure class=\"wp-block-image size-large\"><img loading=\"lazy\" decoding=\"async\" width=\"768\" height=\"1024\" src=\"http:\/\/blogdoedvaldomagalhaes.com.br\/wp-content\/uploads\/2020\/01\/IMG-20200109-WA0123-768x1024.jpg\" alt=\"\" class=\"wp-image-50496\" srcset=\"https:\/\/blogdoedvaldomagalhaes.com.br\/wp-content\/uploads\/2020\/01\/IMG-20200109-WA0123-768x1024.jpg 768w, https:\/\/blogdoedvaldomagalhaes.com.br\/wp-content\/uploads\/2020\/01\/IMG-20200109-WA0123-225x300.jpg 225w, https:\/\/blogdoedvaldomagalhaes.com.br\/wp-content\/uploads\/2020\/01\/IMG-20200109-WA0123.jpg 960w\" sizes=\"auto, (max-width: 768px) 100vw, 768px\" \/><\/figure>\n","protected":false},"excerpt":{"rendered":"<p>A prefeitura de Caruaru, atrav\u00e9s da Secretaria de Servi\u00e7os P\u00fablicos, iniciou a Opera\u00e7\u00e3o Ver\u00e3o 2020. Os servi\u00e7os de limpeza est\u00e3o&hellip;<\/p>\n","protected":false},"author":1,"featured_media":50493,"comment_status":"open","ping_status":"open","sticky":false,"template":"","format":"standard","meta":{"footnotes":""},"categories":[14120],"tags":[2,16881,17036],"class_list":["post-50492","post","type-post","status-publish","format-standard","has-post-thumbnail","hentry","category-noticias","tag-blog-do-edvaldo-magalhaes","tag-caruaru-e-regiao","tag-operacao-verao-em-caruaru-para-prevenir-o-aparecimento-de-muricocas-e-diminuir-os-riscos-de-inundacoes-nos-meses-chuvosos"],"_links":{"self":[{"href":"https:\/\/blogdoedvaldomagalhaes.com.br\/index.php\/wp-json\/wp\/v2\/posts\/50492","targetHints":{"allow":["GET"]}}],"collection":[{"href":"https:\/\/blogdoedvaldomagalhaes.com.br\/index.php\/wp-json\/wp\/v2\/posts"}],"about":[{"href":"https:\/\/blogdoedvaldomagalhaes.com.br\/index.php\/wp-json\/wp\/v2\/types\/post"}],"author":[{"embeddable":true,"href":"https:\/\/blogdoedvaldomagalhaes.com.br\/index.php\/wp-json\/wp\/v2\/users\/1"}],"replies":[{"embeddable":true,"href":"https:\/\/blogdoedvaldomagalhaes.com.br\/index.php\/wp-json\/wp\/v2\/comments?post=50492"}],"version-history":[{"count":1,"href":"https:\/\/blogdoedvaldomagalhaes.com.br\/index.php\/wp-json\/wp\/v2\/posts\/50492\/revisions"}],"predecessor-version":[{"id":50497,"href":"https:\/\/blogdoedvaldomagalhaes.com.br\/index.php\/wp-json\/wp\/v2\/posts\/50492\/revisions\/50497"}],"wp:featuredmedia":[{"embeddable":true,"href":"https:\/\/blogdoedvaldomagalhaes.com.br\/index.php\/wp-json\/wp\/v2\/media\/50493"}],"wp:attachment":[{"href":"https:\/\/blogdoedvaldomagalhaes.com.br\/index.php\/wp-json\/wp\/v2\/media?parent=50492"}],"wp:term":[{"taxonomy":"category","embeddable":true,"href":"https:\/\/blogdoedvaldomagalhaes.com.br\/index.php\/wp-json\/wp\/v2\/categories?post=50492"},{"taxonomy":"post_tag","embeddable":true,"href":"https:\/\/blogdoedvaldomagalhaes.com.br\/index.php\/wp-json\/wp\/v2\/tags?post=50492"}],"curies":[{"name":"wp","href":"https:\/\/api.w.org\/{rel}","templated":true}]}}