{"id":50489,"date":"2020-01-09T21:58:26","date_gmt":"2020-01-10T00:58:26","guid":{"rendered":"http:\/\/blogdoedvaldomagalhaes.com.br\/?p=50489"},"modified":"2020-01-09T21:58:30","modified_gmt":"2020-01-10T00:58:30","slug":"confira-as-atracoes-da-festa-de-sao-sebastiao-da-vila-do-vitorino-em-riacho-das-almas","status":"publish","type":"post","link":"https:\/\/blogdoedvaldomagalhaes.com.br\/index.php\/2020\/01\/09\/confira-as-atracoes-da-festa-de-sao-sebastiao-da-vila-do-vitorino-em-riacho-das-almas\/","title":{"rendered":"Confira as atra\u00e7\u00f5es da Festa de S\u00e3o Sebasti\u00e3o da Vila do Vitorino em Riacho das Almas"},"content":{"rendered":"<p style=\"text-align: justify;\"><span style=\"font-size: inherit;\">A Prefeitura de Riacho das Almas divulgou as atra\u00e7\u00f5es que se apresentar\u00e3o na Festa de S\u00e3o Sebasti\u00e3o, na Vila do Vitorino. O encerramento da festa ser\u00e1 neste s\u00e1bado (11), ap\u00f3s o t\u00e9rmino das celebra\u00e7\u00f5es religiosas em homenagem ao padroeiro da comunidade que est\u00e3o sendo realizadas durante esta semana.<\/span><\/p>\n<p style=\"text-align: justify;\">Os shows come\u00e7am a partir das 20h. A primeira atra\u00e7\u00e3o a se apresentar \u00e9 a banda Rei do Canga\u00e7o. Em seguida, sobe ao palco o cantor Mateus Santos.<\/p>\n<p style=\"text-align: justify;\">A festa contar\u00e1 com toda a estrutura e seguran\u00e7a que j\u00e1 s\u00e3o marca dos eventos realizados pela Prefeitura de Riacho das Almas.<\/p>\n","protected":false},"excerpt":{"rendered":"<p>A Prefeitura de Riacho das Almas divulgou as atra\u00e7\u00f5es que se apresentar\u00e3o na Festa de S\u00e3o Sebasti\u00e3o, na Vila do&hellip;<\/p>\n","protected":false},"author":1,"featured_media":50490,"comment_status":"open","ping_status":"open","sticky":false,"template":"","format":"standard","meta":{"footnotes":""},"categories":[14120],"tags":[2,16881,17035],"class_list":["post-50489","post","type-post","status-publish","format-standard","has-post-thumbnail","hentry","category-noticias","tag-blog-do-edvaldo-magalhaes","tag-caruaru-e-regiao","tag-confira-as-atracoes-da-festa-de-sao-sebastiao-da-vila-do-vitorino-em-riacho-das-almas"],"_links":{"self":[{"href":"https:\/\/blogdoedvaldomagalhaes.com.br\/index.php\/wp-json\/wp\/v2\/posts\/50489","targetHints":{"allow":["GET"]}}],"collection":[{"href":"https:\/\/blogdoedvaldomagalhaes.com.br\/index.php\/wp-json\/wp\/v2\/posts"}],"about":[{"href":"https:\/\/blogdoedvaldomagalhaes.com.br\/index.php\/wp-json\/wp\/v2\/types\/post"}],"author":[{"embeddable":true,"href":"https:\/\/blogdoedvaldomagalhaes.com.br\/index.php\/wp-json\/wp\/v2\/users\/1"}],"replies":[{"embeddable":true,"href":"https:\/\/blogdoedvaldomagalhaes.com.br\/index.php\/wp-json\/wp\/v2\/comments?post=50489"}],"version-history":[{"count":1,"href":"https:\/\/blogdoedvaldomagalhaes.com.br\/index.php\/wp-json\/wp\/v2\/posts\/50489\/revisions"}],"predecessor-version":[{"id":50491,"href":"https:\/\/blogdoedvaldomagalhaes.com.br\/index.php\/wp-json\/wp\/v2\/posts\/50489\/revisions\/50491"}],"wp:featuredmedia":[{"embeddable":true,"href":"https:\/\/blogdoedvaldomagalhaes.com.br\/index.php\/wp-json\/wp\/v2\/media\/50490"}],"wp:attachment":[{"href":"https:\/\/blogdoedvaldomagalhaes.com.br\/index.php\/wp-json\/wp\/v2\/media?parent=50489"}],"wp:term":[{"taxonomy":"category","embeddable":true,"href":"https:\/\/blogdoedvaldomagalhaes.com.br\/index.php\/wp-json\/wp\/v2\/categories?post=50489"},{"taxonomy":"post_tag","embeddable":true,"href":"https:\/\/blogdoedvaldomagalhaes.com.br\/index.php\/wp-json\/wp\/v2\/tags?post=50489"}],"curies":[{"name":"wp","href":"https:\/\/api.w.org\/{rel}","templated":true}]}}