{"id":50479,"date":"2020-01-09T15:58:00","date_gmt":"2020-01-09T18:58:00","guid":{"rendered":"http:\/\/blogdoedvaldomagalhaes.com.br\/?p=50479"},"modified":"2020-01-09T16:00:46","modified_gmt":"2020-01-09T19:00:46","slug":"assalto-a-carro-forte-e-vigilantes-feridos-no-sertao-de-pernambuco","status":"publish","type":"post","link":"https:\/\/blogdoedvaldomagalhaes.com.br\/index.php\/2020\/01\/09\/assalto-a-carro-forte-e-vigilantes-feridos-no-sertao-de-pernambuco\/","title":{"rendered":"Assalto a carro-forte e vigilantes feridos no Sert\u00e3o de Pernambuco"},"content":{"rendered":"<p style=\"text-align: justify;\">O assalto ocorreu por volta das 11h50 no Km 98 da BR 316, em Ouricuri.<\/p>\n<p style=\"text-align: justify;\">Um carro forte foi assaltado por homens armados que abordaram o ve\u00edculo em uma caminhonete (Strada). Um carro (Gol) e uma moto deram apoio \u00e0 a\u00e7\u00e3o criminosa.<\/p>\n<p style=\"text-align: justify;\">Eles fugiram levando uma quantia n\u00e3o informada e duas armas. Cerca de 1 km depois, no km 99 foi encontrado o carro (Gol) incendiado.<\/p>\n<p style=\"text-align: justify;\">Dois vigilantes tiveram ferimentos leves, mas n\u00e3o foram atingidos por disparo de arma de fogo. Um machucou o bra\u00e7o e o outro machucou a m\u00e3o ao sair do carro forte.<\/p>\n\n\n<figure class=\"wp-block-image size-large\"><img loading=\"lazy\" decoding=\"async\" width=\"1024\" height=\"576\" src=\"http:\/\/blogdoedvaldomagalhaes.com.br\/wp-content\/uploads\/2020\/01\/IMG-20200109-WA0105-1024x576.jpg\" alt=\"\" class=\"wp-image-50481\" srcset=\"https:\/\/blogdoedvaldomagalhaes.com.br\/wp-content\/uploads\/2020\/01\/IMG-20200109-WA0105-1024x576.jpg 1024w, https:\/\/blogdoedvaldomagalhaes.com.br\/wp-content\/uploads\/2020\/01\/IMG-20200109-WA0105-300x169.jpg 300w, https:\/\/blogdoedvaldomagalhaes.com.br\/wp-content\/uploads\/2020\/01\/IMG-20200109-WA0105-768x432.jpg 768w, https:\/\/blogdoedvaldomagalhaes.com.br\/wp-content\/uploads\/2020\/01\/IMG-20200109-WA0105-1140x641.jpg 1140w, https:\/\/blogdoedvaldomagalhaes.com.br\/wp-content\/uploads\/2020\/01\/IMG-20200109-WA0105-720x405.jpg 720w, https:\/\/blogdoedvaldomagalhaes.com.br\/wp-content\/uploads\/2020\/01\/IMG-20200109-WA0105.jpg 1152w\" sizes=\"auto, (max-width: 1024px) 100vw, 1024px\" \/><\/figure>\n\n\n\n<figure class=\"wp-block-image size-large\"><img loading=\"lazy\" decoding=\"async\" width=\"1024\" height=\"576\" src=\"http:\/\/blogdoedvaldomagalhaes.com.br\/wp-content\/uploads\/2020\/01\/IMG-20200109-WA0106-1024x576.jpg\" alt=\"\" class=\"wp-image-50482\" srcset=\"https:\/\/blogdoedvaldomagalhaes.com.br\/wp-content\/uploads\/2020\/01\/IMG-20200109-WA0106-1024x576.jpg 1024w, https:\/\/blogdoedvaldomagalhaes.com.br\/wp-content\/uploads\/2020\/01\/IMG-20200109-WA0106-300x169.jpg 300w, https:\/\/blogdoedvaldomagalhaes.com.br\/wp-content\/uploads\/2020\/01\/IMG-20200109-WA0106-768x432.jpg 768w, https:\/\/blogdoedvaldomagalhaes.com.br\/wp-content\/uploads\/2020\/01\/IMG-20200109-WA0106-1140x641.jpg 1140w, https:\/\/blogdoedvaldomagalhaes.com.br\/wp-content\/uploads\/2020\/01\/IMG-20200109-WA0106-720x405.jpg 720w, https:\/\/blogdoedvaldomagalhaes.com.br\/wp-content\/uploads\/2020\/01\/IMG-20200109-WA0106.jpg 1152w\" sizes=\"auto, (max-width: 1024px) 100vw, 1024px\" \/><figcaption>Informa\u00e7\u00f5es e fotos: PRF<\/figcaption><\/figure>\n","protected":false},"excerpt":{"rendered":"<p>O assalto ocorreu por volta das 11h50 no Km 98 da BR 316, em Ouricuri. Um carro forte foi assaltado&hellip;<\/p>\n","protected":false},"author":1,"featured_media":50480,"comment_status":"open","ping_status":"open","sticky":false,"template":"","format":"standard","meta":{"footnotes":""},"categories":[14121],"tags":[17033,2,16881],"class_list":["post-50479","post","type-post","status-publish","format-standard","has-post-thumbnail","hentry","category-policial","tag-assalto-a-carro-forte-e-vigilantes-feridos-no-sertao-de-pernambuco","tag-blog-do-edvaldo-magalhaes","tag-caruaru-e-regiao"],"_links":{"self":[{"href":"https:\/\/blogdoedvaldomagalhaes.com.br\/index.php\/wp-json\/wp\/v2\/posts\/50479","targetHints":{"allow":["GET"]}}],"collection":[{"href":"https:\/\/blogdoedvaldomagalhaes.com.br\/index.php\/wp-json\/wp\/v2\/posts"}],"about":[{"href":"https:\/\/blogdoedvaldomagalhaes.com.br\/index.php\/wp-json\/wp\/v2\/types\/post"}],"author":[{"embeddable":true,"href":"https:\/\/blogdoedvaldomagalhaes.com.br\/index.php\/wp-json\/wp\/v2\/users\/1"}],"replies":[{"embeddable":true,"href":"https:\/\/blogdoedvaldomagalhaes.com.br\/index.php\/wp-json\/wp\/v2\/comments?post=50479"}],"version-history":[{"count":2,"href":"https:\/\/blogdoedvaldomagalhaes.com.br\/index.php\/wp-json\/wp\/v2\/posts\/50479\/revisions"}],"predecessor-version":[{"id":50484,"href":"https:\/\/blogdoedvaldomagalhaes.com.br\/index.php\/wp-json\/wp\/v2\/posts\/50479\/revisions\/50484"}],"wp:featuredmedia":[{"embeddable":true,"href":"https:\/\/blogdoedvaldomagalhaes.com.br\/index.php\/wp-json\/wp\/v2\/media\/50480"}],"wp:attachment":[{"href":"https:\/\/blogdoedvaldomagalhaes.com.br\/index.php\/wp-json\/wp\/v2\/media?parent=50479"}],"wp:term":[{"taxonomy":"category","embeddable":true,"href":"https:\/\/blogdoedvaldomagalhaes.com.br\/index.php\/wp-json\/wp\/v2\/categories?post=50479"},{"taxonomy":"post_tag","embeddable":true,"href":"https:\/\/blogdoedvaldomagalhaes.com.br\/index.php\/wp-json\/wp\/v2\/tags?post=50479"}],"curies":[{"name":"wp","href":"https:\/\/api.w.org\/{rel}","templated":true}]}}