{"id":50476,"date":"2020-01-09T14:18:44","date_gmt":"2020-01-09T17:18:44","guid":{"rendered":"http:\/\/blogdoedvaldomagalhaes.com.br\/?p=50476"},"modified":"2020-01-09T14:18:48","modified_gmt":"2020-01-09T17:18:48","slug":"confira-as-atracoes-da-21a-festa-de-nossa-senhora-da-conceicao-na-vila-de-patos-em-riacho-das-almas","status":"publish","type":"post","link":"https:\/\/blogdoedvaldomagalhaes.com.br\/index.php\/2020\/01\/09\/confira-as-atracoes-da-21a-festa-de-nossa-senhora-da-conceicao-na-vila-de-patos-em-riacho-das-almas\/","title":{"rendered":"Confira as atra\u00e7\u00f5es da 21\u00aa Festa de Nossa Senhora da Concei\u00e7\u00e3o na Vila de Patos em Riacho das Almas"},"content":{"rendered":"<p style=\"text-align: justify;\"><span style=\"font-size: inherit;\">O encerramento da festa ser\u00e1 realizado neste s\u00e1bado (11); Shows come\u00e7am a partir das 21h.<\/span><\/p>\n<p style=\"text-align: justify;\">A Prefeitura de Riacho das Almas em parceria com a comunidade cat\u00f3lica da Vila de Patos, Zona Rural do Munic\u00edpio, realiza neste s\u00e1bado (11) a 21\u00aa edi\u00e7\u00e3o da Festa de Nossa Senhora da Concei\u00e7\u00e3o.<\/p>\n<p style=\"text-align: justify;\">Na programa\u00e7\u00e3o de rua, est\u00e3o programados a partir das 21h shows com as bandas Forr\u00f3 dos Bossas e Bicho do Mato. A festa contar\u00e1 ainda com total seguran\u00e7a e uma grande estrutura.<\/p>\n","protected":false},"excerpt":{"rendered":"<p>O encerramento da festa ser\u00e1 realizado neste s\u00e1bado (11); Shows come\u00e7am a partir das 21h. A Prefeitura de Riacho das&hellip;<\/p>\n","protected":false},"author":1,"featured_media":50477,"comment_status":"open","ping_status":"open","sticky":false,"template":"","format":"standard","meta":{"footnotes":""},"categories":[14120],"tags":[2,16881,17032],"class_list":["post-50476","post","type-post","status-publish","format-standard","has-post-thumbnail","hentry","category-noticias","tag-blog-do-edvaldo-magalhaes","tag-caruaru-e-regiao","tag-confira-as-atracoes-da-21a-festa-de-nossa-senhora-da-conceicao-na-vila-de-patos-em-riacho-das-almas"],"_links":{"self":[{"href":"https:\/\/blogdoedvaldomagalhaes.com.br\/index.php\/wp-json\/wp\/v2\/posts\/50476","targetHints":{"allow":["GET"]}}],"collection":[{"href":"https:\/\/blogdoedvaldomagalhaes.com.br\/index.php\/wp-json\/wp\/v2\/posts"}],"about":[{"href":"https:\/\/blogdoedvaldomagalhaes.com.br\/index.php\/wp-json\/wp\/v2\/types\/post"}],"author":[{"embeddable":true,"href":"https:\/\/blogdoedvaldomagalhaes.com.br\/index.php\/wp-json\/wp\/v2\/users\/1"}],"replies":[{"embeddable":true,"href":"https:\/\/blogdoedvaldomagalhaes.com.br\/index.php\/wp-json\/wp\/v2\/comments?post=50476"}],"version-history":[{"count":1,"href":"https:\/\/blogdoedvaldomagalhaes.com.br\/index.php\/wp-json\/wp\/v2\/posts\/50476\/revisions"}],"predecessor-version":[{"id":50478,"href":"https:\/\/blogdoedvaldomagalhaes.com.br\/index.php\/wp-json\/wp\/v2\/posts\/50476\/revisions\/50478"}],"wp:featuredmedia":[{"embeddable":true,"href":"https:\/\/blogdoedvaldomagalhaes.com.br\/index.php\/wp-json\/wp\/v2\/media\/50477"}],"wp:attachment":[{"href":"https:\/\/blogdoedvaldomagalhaes.com.br\/index.php\/wp-json\/wp\/v2\/media?parent=50476"}],"wp:term":[{"taxonomy":"category","embeddable":true,"href":"https:\/\/blogdoedvaldomagalhaes.com.br\/index.php\/wp-json\/wp\/v2\/categories?post=50476"},{"taxonomy":"post_tag","embeddable":true,"href":"https:\/\/blogdoedvaldomagalhaes.com.br\/index.php\/wp-json\/wp\/v2\/tags?post=50476"}],"curies":[{"name":"wp","href":"https:\/\/api.w.org\/{rel}","templated":true}]}}