{"id":50473,"date":"2020-01-09T14:11:05","date_gmt":"2020-01-09T17:11:05","guid":{"rendered":"http:\/\/blogdoedvaldomagalhaes.com.br\/?p=50473"},"modified":"2020-01-09T14:11:10","modified_gmt":"2020-01-09T17:11:10","slug":"confira-a-programacao-da-festa-do-padroeiro-de-taquaritinga-do-norte","status":"publish","type":"post","link":"https:\/\/blogdoedvaldomagalhaes.com.br\/index.php\/2020\/01\/09\/confira-a-programacao-da-festa-do-padroeiro-de-taquaritinga-do-norte\/","title":{"rendered":"Confira a programa\u00e7\u00e3o da festa do padroeiro de Taquaritinga do Norte"},"content":{"rendered":"<p style=\"text-align: justify;\"><span style=\"font-size: inherit;\">A tradicional Festa de Santo Amaro em Taquaritinga do Norte, foi iniciada na \u00faltima segunda-feira (06) e segue at\u00e9 o dia (15), com missas, novenas, quermesses e shows musicais, sendo considerada uma das festas religiosa mais antiga da Diocese de Caruaru, com 218 anos de hist\u00f3ria e F\u00e9. J\u00e1 \u00e9 not\u00f3ria a movimenta\u00e7\u00e3o na cidade de turistas, filhos ausentes que escolhem passar f\u00e9rias na cidade e fi\u00e9is que vem de v\u00e1rias partes do Brasil pagar promessas e agradecer ao santo padroeiro. Este ano, o tema central da festa vem inspirado pela motiva\u00e7\u00e3o do Papa Francisco, querendo refletir o exemplo de Santo Amaro praticante e anunciador da palavra de Deus: \u201cA exemplo do nosso Padroeiro Santo Amaro, sejamos fi\u00e9is \u00e0 miss\u00e3o que Cristo nos confiou\u201d.\u00a0<\/span><\/p>\n<p style=\"text-align: justify;\">A parte profana conta com shows musicais todas as noites, divididos entre tr\u00eas palcos: principal, localizado no centro da cidade onde acontecem os principais shows, coreto, tamb\u00e9m no centro da cidade, voltado para o intimista e o mercado p\u00fablico, localizado por tr\u00e1s do Centro Comercial Dem\u00e9trio Paes de Andrade, funciona como um arraial em pleno m\u00eas de janeiro com apresenta\u00e7\u00f5es de artistas regionais e o aut\u00eantico forr\u00f3 p\u00e9 de serra.<\/p>\n<p style=\"text-align: justify;\">Programa\u00e7\u00e3o religiosa<\/p>\n<p style=\"text-align: justify;\">09-01 Quinta feira<\/p>\n<p style=\"text-align: justify;\">06h &#8211; Repique dos sinos<br \/>\n19h &#8211; Adora\u00e7\u00e3o ao Sant\u00edssimo Sacramento<br \/>\n19h30 &#8211; Celebra\u00e7\u00e3o da Santa Missa e Novena<br \/>\nCelebrante- Pe. Jo\u00e3o Paulo (Par\u00f3quia Sant\u2019ana &#8211; Gravat\u00e1)<\/p>\n<p style=\"text-align: justify;\">10-01 Sexta feira<br \/>\n06h &#8211; Repique dos sinos<br \/>\n15h \u2013 Chegada da 14\u00aa Caminhada de Santo Amaro<br \/>\n19h &#8211; Adora\u00e7\u00e3o ao Sant\u00edssimo Sacramento<br \/>\n19h30 &#8211; Celebra\u00e7\u00e3o da Santa Missa e Novena<br \/>\nCelebrante- Pe. Gilvan Ananias (Casa da Crian\u00e7a &#8211; Caruaru)<\/p>\n<p style=\"text-align: justify;\">11-01 S\u00e1bado<br \/>\n06h &#8211; Repique dos sinos<br \/>\n19h &#8211; Adora\u00e7\u00e3o ao Sant\u00edssimo Sacramento<br \/>\n19h30 &#8211; Celebra\u00e7\u00e3o da Santa Missa e Novena<br \/>\nCelebrante- Pe. Vagner Pereira (Par\u00f3quia S\u00e3o Caetano \u2013 S\u00e3o Caetano)<\/p>\n<p style=\"text-align: justify;\">12-01 Domingo<br \/>\n06h &#8211; Repique dos sinos<br \/>\n16h \u2013 Show de pr\u00eamios \u2013 Bingo beneficente<br \/>\n19h &#8211; Adora\u00e7\u00e3o ao Sant\u00edssimo Sacramento<br \/>\n19h30 &#8211; Celebra\u00e7\u00e3o da Santa Missa e Novena<br \/>\nCelebrante- Mons. Jos\u00e9 Roque (Par\u00f3quia S\u00e3o Francisco \u2013 Caruaru)<\/p>\n<p style=\"text-align: justify;\">13-01 Segunda-feira<br \/>\n06h &#8211; Repique dos sinos<br \/>\n19h &#8211; Adora\u00e7\u00e3o ao Sant\u00edssimo Sacramento<br \/>\n19h30 &#8211; Celebra\u00e7\u00e3o da Santa Missa e Novena<br \/>\nCelebrante- Pe. Rivaldo Regis (Par\u00f3quia N. Sra. Da Concei\u00e7\u00e3o &#8211; Toritama)<\/p>\n<p style=\"text-align: justify;\">14-01 Ter\u00e7a-feira<br \/>\n06h &#8211; Repique dos sinos<br \/>\n18h &#8211; Concentra\u00e7\u00e3o de Motos e Carros na comunidade de Placas e Prociss\u00e3o Motorizada at\u00e9 a Matriz com a Imagem do Padroeiro Santo Amaro<br \/>\n19h &#8211; Adora\u00e7\u00e3o ao Sant\u00edssimo Sacramento<br \/>\n19h30 &#8211; Celebra\u00e7\u00e3o da Santa Missa e Novena<br \/>\nCelebrante- Pe. Biachi (Par\u00f3quia N. Sra. De F\u00e1tima &#8211; Caruaru)<\/p>\n<p style=\"text-align: justify;\">15-01 Quarta-feira (DIA DA FESTA)<br \/>\n06h &#8211; Repique dos sinos<br \/>\n08h &#8211; Missa dos Romeiros na Matriz<br \/>\nCelebrante- Pe. Expedito Claudino dos Santos<br \/>\n10h &#8211; Missa Solene<br \/>\nCelebrante \u2013 Dom Jos\u00e9 Ruy (Bispo Diocesano)<br \/>\n15h Recita\u00e7\u00e3o do Ter\u00e7o na Matriz<br \/>\n17h \u2013 Grandiosa Prociss\u00e3o percorrendo as principais ruas da cidade<br \/>\n18h30 \u2013 Missa campal<br \/>\nCelebrante- Pe. Pedro Antonio Filho e Pe. Expedito Claudino dos Santos<\/p>\n<p style=\"text-align: justify;\">Informa\u00e7\u00f5es: Henrique Figueir\u00f4a\/Assessoria de Comunica\u00e7\u00e3o<\/p>\n","protected":false},"excerpt":{"rendered":"<p>A tradicional Festa de Santo Amaro em Taquaritinga do Norte, foi iniciada na \u00faltima segunda-feira (06) e segue at\u00e9 o&hellip;<\/p>\n","protected":false},"author":1,"featured_media":50474,"comment_status":"open","ping_status":"open","sticky":false,"template":"","format":"standard","meta":{"footnotes":""},"categories":[14120],"tags":[2,16881,17031],"class_list":["post-50473","post","type-post","status-publish","format-standard","has-post-thumbnail","hentry","category-noticias","tag-blog-do-edvaldo-magalhaes","tag-caruaru-e-regiao","tag-confira-a-programacao-da-festa-do-padroeiro-de-taquaritinga-do-norte"],"_links":{"self":[{"href":"https:\/\/blogdoedvaldomagalhaes.com.br\/index.php\/wp-json\/wp\/v2\/posts\/50473","targetHints":{"allow":["GET"]}}],"collection":[{"href":"https:\/\/blogdoedvaldomagalhaes.com.br\/index.php\/wp-json\/wp\/v2\/posts"}],"about":[{"href":"https:\/\/blogdoedvaldomagalhaes.com.br\/index.php\/wp-json\/wp\/v2\/types\/post"}],"author":[{"embeddable":true,"href":"https:\/\/blogdoedvaldomagalhaes.com.br\/index.php\/wp-json\/wp\/v2\/users\/1"}],"replies":[{"embeddable":true,"href":"https:\/\/blogdoedvaldomagalhaes.com.br\/index.php\/wp-json\/wp\/v2\/comments?post=50473"}],"version-history":[{"count":1,"href":"https:\/\/blogdoedvaldomagalhaes.com.br\/index.php\/wp-json\/wp\/v2\/posts\/50473\/revisions"}],"predecessor-version":[{"id":50475,"href":"https:\/\/blogdoedvaldomagalhaes.com.br\/index.php\/wp-json\/wp\/v2\/posts\/50473\/revisions\/50475"}],"wp:featuredmedia":[{"embeddable":true,"href":"https:\/\/blogdoedvaldomagalhaes.com.br\/index.php\/wp-json\/wp\/v2\/media\/50474"}],"wp:attachment":[{"href":"https:\/\/blogdoedvaldomagalhaes.com.br\/index.php\/wp-json\/wp\/v2\/media?parent=50473"}],"wp:term":[{"taxonomy":"category","embeddable":true,"href":"https:\/\/blogdoedvaldomagalhaes.com.br\/index.php\/wp-json\/wp\/v2\/categories?post=50473"},{"taxonomy":"post_tag","embeddable":true,"href":"https:\/\/blogdoedvaldomagalhaes.com.br\/index.php\/wp-json\/wp\/v2\/tags?post=50473"}],"curies":[{"name":"wp","href":"https:\/\/api.w.org\/{rel}","templated":true}]}}