{"id":50469,"date":"2020-01-09T13:56:44","date_gmt":"2020-01-09T16:56:44","guid":{"rendered":"http:\/\/blogdoedvaldomagalhaes.com.br\/?p=50469"},"modified":"2020-01-09T13:58:07","modified_gmt":"2020-01-09T16:58:07","slug":"sesc-prorroga-inscricao-para-selecao-de-estagio","status":"publish","type":"post","link":"https:\/\/blogdoedvaldomagalhaes.com.br\/index.php\/2020\/01\/09\/sesc-prorroga-inscricao-para-selecao-de-estagio\/","title":{"rendered":"Sesc prorroga inscri\u00e7\u00e3o para sele\u00e7\u00e3o de est\u00e1gio"},"content":{"rendered":"<p style=\"text-align: justify;\"><span style=\"font-size: inherit;\">S\u00e3o 99 para Pernambuco e a inscri\u00e7\u00e3o acontece at\u00e9 as 17h da segunda-feira (13\/01).<\/span><\/p>\n<p style=\"text-align: justify;\">O per\u00edodo de inscri\u00e7\u00e3o do processo seletivo de est\u00e1gio de n\u00edveis superior e t\u00e9cnico do Sesc em Pernambuco foi prorrogado. O novo prazo \u00e9 o dia 13 de janeiro, na pr\u00f3xima segunda-feira, at\u00e9 17h. A inscri\u00e7\u00e3o dos interessados em concorrer a uma das 98 vagas de est\u00e1gio de n\u00edvel superior e 1 de n\u00edvel t\u00e9cnico acontece gratuitamente pelo sescpe.org.br.<\/p>\n<p style=\"text-align: justify;\">Podem se inscrever estudantes dos cursos de Administra\u00e7\u00e3o, Biblioteconomia, bacharelado em Educa\u00e7\u00e3o F\u00edsica, Servi\u00e7o Social, Letras, Pedagogia, Nutri\u00e7\u00e3o, Teatro, Dan\u00e7a, Artes Pl\u00e1sticas\/Visuais, M\u00fasica, Qu\u00edmica, Matem\u00e1tica, T\u00e9cnico em Seguran\u00e7a do Trabalho, Design, Jornalismo, Engenharia Civil e Ci\u00eancias da Computa\u00e7\u00e3o. Para concorrer ao n\u00edvel superior, o candidato deve estar cursando os \u00faltimos dois anos da forma\u00e7\u00e3o. J\u00e1 para o t\u00e9cnico, \u00e9 necess\u00e1rio estar no segundo ou terceiro per\u00edodo. Dez por cento das vagas s\u00e3o destinadas \u00e0s pessoas com defici\u00eancia, conforme Regulamento do Processo Seletivo.<\/p>\n<p style=\"text-align: justify;\">A sele\u00e7\u00e3o acontece para Grande Recife, Agreste e Sert\u00e3o, nas unidades do Sesc Casa Amarela, Santo Amaro, Sede Regional, RioMar, Banco de Alimentos, S\u00e3o Louren\u00e7o da Mata, Piedade, Garanhuns, Petrolina, Belo jardim, Surubim, Triunfo, Araripina, Bodoc\u00f3, Goiana, Caruaru, Arcoverde e Bu\u00edque. O processo seletivo inclui as etapas de An\u00e1lise do Hist\u00f3rico do curso e Avalia\u00e7\u00e3o Comportamental. Nos cursos de Design, Jornalismo, Engenharia Civil e Ci\u00eancias da Computa\u00e7\u00e3o, h\u00e1 ainda a Avalia\u00e7\u00e3o Pr\u00e1tica.<\/p>\n<p style=\"text-align: justify;\">O resultado de cada etapa ser\u00e1 divulgado no site da institui\u00e7\u00e3o, assim como a rela\u00e7\u00e3o final dos aprovados. Os contratados dever\u00e3o cumprir carga hor\u00e1ria de 20h semanais. As bolsas de n\u00edvel superior ser\u00e3o remuneradas no valor de R$ 520 e a de n\u00edvel t\u00e9cnico, de R$ 400. Ambos possuem aux\u00edlio transporte de R$ 80,00.<\/p>\n","protected":false},"excerpt":{"rendered":"<p>S\u00e3o 99 para Pernambuco e a inscri\u00e7\u00e3o acontece at\u00e9 as 17h da segunda-feira (13\/01). O per\u00edodo de inscri\u00e7\u00e3o do processo&hellip;<\/p>\n","protected":false},"author":1,"featured_media":50470,"comment_status":"open","ping_status":"open","sticky":false,"template":"","format":"standard","meta":{"footnotes":""},"categories":[14120],"tags":[2,16881,17030],"class_list":["post-50469","post","type-post","status-publish","format-standard","has-post-thumbnail","hentry","category-noticias","tag-blog-do-edvaldo-magalhaes","tag-caruaru-e-regiao","tag-sesc-prorroga-inscricao-para-selecao-de-estagio"],"_links":{"self":[{"href":"https:\/\/blogdoedvaldomagalhaes.com.br\/index.php\/wp-json\/wp\/v2\/posts\/50469","targetHints":{"allow":["GET"]}}],"collection":[{"href":"https:\/\/blogdoedvaldomagalhaes.com.br\/index.php\/wp-json\/wp\/v2\/posts"}],"about":[{"href":"https:\/\/blogdoedvaldomagalhaes.com.br\/index.php\/wp-json\/wp\/v2\/types\/post"}],"author":[{"embeddable":true,"href":"https:\/\/blogdoedvaldomagalhaes.com.br\/index.php\/wp-json\/wp\/v2\/users\/1"}],"replies":[{"embeddable":true,"href":"https:\/\/blogdoedvaldomagalhaes.com.br\/index.php\/wp-json\/wp\/v2\/comments?post=50469"}],"version-history":[{"count":2,"href":"https:\/\/blogdoedvaldomagalhaes.com.br\/index.php\/wp-json\/wp\/v2\/posts\/50469\/revisions"}],"predecessor-version":[{"id":50472,"href":"https:\/\/blogdoedvaldomagalhaes.com.br\/index.php\/wp-json\/wp\/v2\/posts\/50469\/revisions\/50472"}],"wp:featuredmedia":[{"embeddable":true,"href":"https:\/\/blogdoedvaldomagalhaes.com.br\/index.php\/wp-json\/wp\/v2\/media\/50470"}],"wp:attachment":[{"href":"https:\/\/blogdoedvaldomagalhaes.com.br\/index.php\/wp-json\/wp\/v2\/media?parent=50469"}],"wp:term":[{"taxonomy":"category","embeddable":true,"href":"https:\/\/blogdoedvaldomagalhaes.com.br\/index.php\/wp-json\/wp\/v2\/categories?post=50469"},{"taxonomy":"post_tag","embeddable":true,"href":"https:\/\/blogdoedvaldomagalhaes.com.br\/index.php\/wp-json\/wp\/v2\/tags?post=50469"}],"curies":[{"name":"wp","href":"https:\/\/api.w.org\/{rel}","templated":true}]}}