{"id":50463,"date":"2020-01-08T23:34:09","date_gmt":"2020-01-09T02:34:09","guid":{"rendered":"http:\/\/blogdoedvaldomagalhaes.com.br\/?p=50463"},"modified":"2020-01-09T08:54:22","modified_gmt":"2020-01-09T11:54:22","slug":"mulher-vitima-de-espancamento-dentro-de-casa-em-caruaru-morre-no-hr-em-recife","status":"publish","type":"post","link":"https:\/\/blogdoedvaldomagalhaes.com.br\/index.php\/2020\/01\/08\/mulher-vitima-de-espancamento-dentro-de-casa-em-caruaru-morre-no-hr-em-recife\/","title":{"rendered":"Mulher v\u00edtima de espancamento dentro de casa em Caruaru morre no HR em Recife"},"content":{"rendered":"<p style=\"text-align: justify;\">Segundo informa\u00e7\u00f5es da pol\u00edcia, a senhora Maria das Gra\u00e7as Sabino Ara\u00fajo, 68 anos de idade, que residia na rua Lagoa do Remijo, no bairro Santa Rosa, em Caruaru, foi encontrada dentro da pr\u00f3pria casa agonizando ap\u00f3s ter sido agredida a marretadas no dia 31 de dezembro de 2019. De acordo com a pol\u00edcia, n\u00e3o foram encontrados sinais de arrombamento na resid\u00eancia e um suspeito est\u00e1 sendo investigado.<\/p>\n<p style=\"text-align: justify;\">A v\u00edtima foi socorrida para o Hospital Regional do Agreste (HRA) e devido a gravidade dos ferimentos foi transferida para o Hospital da Restaura\u00e7\u00e3o (HR), em Recife.<\/p>\n<p style=\"text-align: justify;\">Este foi o 3\u00ba homic\u00eddio no ano de 2020, em Caruaru.<\/p>\n","protected":false},"excerpt":{"rendered":"<p>Segundo informa\u00e7\u00f5es da pol\u00edcia, a senhora Maria das Gra\u00e7as Sabino Ara\u00fajo, 68 anos de idade, que residia na rua Lagoa&hellip;<\/p>\n","protected":false},"author":1,"featured_media":50467,"comment_status":"open","ping_status":"open","sticky":false,"template":"","format":"standard","meta":{"footnotes":""},"categories":[14121],"tags":[2,16881,17029],"class_list":["post-50463","post","type-post","status-publish","format-standard","has-post-thumbnail","hentry","category-policial","tag-blog-do-edvaldo-magalhaes","tag-caruaru-e-regiao","tag-mulher-vitima-de-espancamento-dentro-de-casa-em-caruaru-morre-no-hr-em-recife"],"_links":{"self":[{"href":"https:\/\/blogdoedvaldomagalhaes.com.br\/index.php\/wp-json\/wp\/v2\/posts\/50463","targetHints":{"allow":["GET"]}}],"collection":[{"href":"https:\/\/blogdoedvaldomagalhaes.com.br\/index.php\/wp-json\/wp\/v2\/posts"}],"about":[{"href":"https:\/\/blogdoedvaldomagalhaes.com.br\/index.php\/wp-json\/wp\/v2\/types\/post"}],"author":[{"embeddable":true,"href":"https:\/\/blogdoedvaldomagalhaes.com.br\/index.php\/wp-json\/wp\/v2\/users\/1"}],"replies":[{"embeddable":true,"href":"https:\/\/blogdoedvaldomagalhaes.com.br\/index.php\/wp-json\/wp\/v2\/comments?post=50463"}],"version-history":[{"count":2,"href":"https:\/\/blogdoedvaldomagalhaes.com.br\/index.php\/wp-json\/wp\/v2\/posts\/50463\/revisions"}],"predecessor-version":[{"id":50466,"href":"https:\/\/blogdoedvaldomagalhaes.com.br\/index.php\/wp-json\/wp\/v2\/posts\/50463\/revisions\/50466"}],"wp:featuredmedia":[{"embeddable":true,"href":"https:\/\/blogdoedvaldomagalhaes.com.br\/index.php\/wp-json\/wp\/v2\/media\/50467"}],"wp:attachment":[{"href":"https:\/\/blogdoedvaldomagalhaes.com.br\/index.php\/wp-json\/wp\/v2\/media?parent=50463"}],"wp:term":[{"taxonomy":"category","embeddable":true,"href":"https:\/\/blogdoedvaldomagalhaes.com.br\/index.php\/wp-json\/wp\/v2\/categories?post=50463"},{"taxonomy":"post_tag","embeddable":true,"href":"https:\/\/blogdoedvaldomagalhaes.com.br\/index.php\/wp-json\/wp\/v2\/tags?post=50463"}],"curies":[{"name":"wp","href":"https:\/\/api.w.org\/{rel}","templated":true}]}}