{"id":50458,"date":"2020-01-08T21:01:14","date_gmt":"2020-01-09T00:01:14","guid":{"rendered":"http:\/\/blogdoedvaldomagalhaes.com.br\/?p=50458"},"modified":"2020-01-08T21:01:22","modified_gmt":"2020-01-09T00:01:22","slug":"tem-novidade-na-comissao-tecnica-do-central-de-caruaru","status":"publish","type":"post","link":"https:\/\/blogdoedvaldomagalhaes.com.br\/index.php\/2020\/01\/08\/tem-novidade-na-comissao-tecnica-do-central-de-caruaru\/","title":{"rendered":"Tem novidade na comiss\u00e3o t\u00e9cnica do Central de Caruaru"},"content":{"rendered":"<p style=\"text-align: justify;\"><span style=\"font-size: inherit;\">Felipe Augusto Bezerra Soares de Almeida, 27 anos, chega ao Central Sport Club para a temporada 2020.<\/span><\/p>\n<p style=\"text-align: justify;\">O novo Supervisor de Registro do Alvinegro Caruaruense \u00e9 formado em Administra\u00e7\u00e3o pela Universidade Federal de Pernambuco (UFPE). Felipe tamb\u00e9m atuou profissionalmente no Porto\/PE.<\/p>\n<p style=\"text-align: justify;\">A chegada de Felipe ao Central de Caruaru representa um refor\u00e7o administrativo no Maior do Interior, visando o Campeonato Estadual da primeira divis\u00e3o e o Brasileir\u00e3o da S\u00e9rie D.<\/p>\n<p style=\"text-align: justify;\">Informa\u00e7\u00f5es: Departamento de Comunica\u00e7\u00e3o do Central Sport Club.<\/p>\n","protected":false},"excerpt":{"rendered":"<p>Felipe Augusto Bezerra Soares de Almeida, 27 anos, chega ao Central Sport Club para a temporada 2020. O novo Supervisor&hellip;<\/p>\n","protected":false},"author":1,"featured_media":50459,"comment_status":"open","ping_status":"open","sticky":false,"template":"","format":"standard","meta":{"footnotes":""},"categories":[14124],"tags":[2,16881,17028],"class_list":["post-50458","post","type-post","status-publish","format-standard","has-post-thumbnail","hentry","category-centralsc","tag-blog-do-edvaldo-magalhaes","tag-caruaru-e-regiao","tag-tem-novidade-na-comissao-tecnica-do-central-de-caruaru"],"_links":{"self":[{"href":"https:\/\/blogdoedvaldomagalhaes.com.br\/index.php\/wp-json\/wp\/v2\/posts\/50458","targetHints":{"allow":["GET"]}}],"collection":[{"href":"https:\/\/blogdoedvaldomagalhaes.com.br\/index.php\/wp-json\/wp\/v2\/posts"}],"about":[{"href":"https:\/\/blogdoedvaldomagalhaes.com.br\/index.php\/wp-json\/wp\/v2\/types\/post"}],"author":[{"embeddable":true,"href":"https:\/\/blogdoedvaldomagalhaes.com.br\/index.php\/wp-json\/wp\/v2\/users\/1"}],"replies":[{"embeddable":true,"href":"https:\/\/blogdoedvaldomagalhaes.com.br\/index.php\/wp-json\/wp\/v2\/comments?post=50458"}],"version-history":[{"count":1,"href":"https:\/\/blogdoedvaldomagalhaes.com.br\/index.php\/wp-json\/wp\/v2\/posts\/50458\/revisions"}],"predecessor-version":[{"id":50460,"href":"https:\/\/blogdoedvaldomagalhaes.com.br\/index.php\/wp-json\/wp\/v2\/posts\/50458\/revisions\/50460"}],"wp:featuredmedia":[{"embeddable":true,"href":"https:\/\/blogdoedvaldomagalhaes.com.br\/index.php\/wp-json\/wp\/v2\/media\/50459"}],"wp:attachment":[{"href":"https:\/\/blogdoedvaldomagalhaes.com.br\/index.php\/wp-json\/wp\/v2\/media?parent=50458"}],"wp:term":[{"taxonomy":"category","embeddable":true,"href":"https:\/\/blogdoedvaldomagalhaes.com.br\/index.php\/wp-json\/wp\/v2\/categories?post=50458"},{"taxonomy":"post_tag","embeddable":true,"href":"https:\/\/blogdoedvaldomagalhaes.com.br\/index.php\/wp-json\/wp\/v2\/tags?post=50458"}],"curies":[{"name":"wp","href":"https:\/\/api.w.org\/{rel}","templated":true}]}}