{"id":50444,"date":"2020-01-08T20:17:13","date_gmt":"2020-01-08T23:17:13","guid":{"rendered":"http:\/\/blogdoedvaldomagalhaes.com.br\/?p=50444"},"modified":"2020-01-08T21:38:24","modified_gmt":"2020-01-09T00:38:24","slug":"homem-e-morto-a-tiros-em-caruaru-nesta-quarta-feira-8","status":"publish","type":"post","link":"https:\/\/blogdoedvaldomagalhaes.com.br\/index.php\/2020\/01\/08\/homem-e-morto-a-tiros-em-caruaru-nesta-quarta-feira-8\/","title":{"rendered":"Homem \u00e9 morto a tiros em Caruaru nesta quarta-feira (8)"},"content":{"rendered":"<p style=\"text-align: justify;\">O ex-presidi\u00e1rio C\u00edcero Correia da Silva, de 36 anos de idade, que residia na rua R03, no bairro Cidade Jardim, foi assassinado na noite desta quarta-feira (08), na rua Martins Francisco, no bairro Salgado, em Caruaru. Segundo informa\u00e7\u00f5es de familiares, a v\u00edtima era usu\u00e1ria de drogas, trabalhava como servente de pedreiro e catava recicl\u00e1veis, quando foi surpreendida por disparos de arma de fogo. Uma equipe do SAMU compareceu no local, mas a v\u00edtima n\u00e3o resistiu aos ferimentos. O corpo foi encaminhado para o IML Caruaru.<\/p>\n<p style=\"text-align: justify;\">Este foi o 4\u00b0 homic\u00eddio registrado no ano de 2020, em Caruaru.<\/p>\n","protected":false},"excerpt":{"rendered":"<p>O ex-presidi\u00e1rio C\u00edcero Correia da Silva, de 36 anos de idade, que residia na rua R03, no bairro Cidade Jardim,&hellip;<\/p>\n","protected":false},"author":1,"featured_media":50445,"comment_status":"open","ping_status":"open","sticky":false,"template":"","format":"standard","meta":{"footnotes":""},"categories":[14121],"tags":[2,16881,17027],"class_list":["post-50444","post","type-post","status-publish","format-standard","has-post-thumbnail","hentry","category-policial","tag-blog-do-edvaldo-magalhaes","tag-caruaru-e-regiao","tag-homem-e-morto-a-tiros-em-caruaru-nesta-quarta-feira-8"],"_links":{"self":[{"href":"https:\/\/blogdoedvaldomagalhaes.com.br\/index.php\/wp-json\/wp\/v2\/posts\/50444","targetHints":{"allow":["GET"]}}],"collection":[{"href":"https:\/\/blogdoedvaldomagalhaes.com.br\/index.php\/wp-json\/wp\/v2\/posts"}],"about":[{"href":"https:\/\/blogdoedvaldomagalhaes.com.br\/index.php\/wp-json\/wp\/v2\/types\/post"}],"author":[{"embeddable":true,"href":"https:\/\/blogdoedvaldomagalhaes.com.br\/index.php\/wp-json\/wp\/v2\/users\/1"}],"replies":[{"embeddable":true,"href":"https:\/\/blogdoedvaldomagalhaes.com.br\/index.php\/wp-json\/wp\/v2\/comments?post=50444"}],"version-history":[{"count":9,"href":"https:\/\/blogdoedvaldomagalhaes.com.br\/index.php\/wp-json\/wp\/v2\/posts\/50444\/revisions"}],"predecessor-version":[{"id":50462,"href":"https:\/\/blogdoedvaldomagalhaes.com.br\/index.php\/wp-json\/wp\/v2\/posts\/50444\/revisions\/50462"}],"wp:featuredmedia":[{"embeddable":true,"href":"https:\/\/blogdoedvaldomagalhaes.com.br\/index.php\/wp-json\/wp\/v2\/media\/50445"}],"wp:attachment":[{"href":"https:\/\/blogdoedvaldomagalhaes.com.br\/index.php\/wp-json\/wp\/v2\/media?parent=50444"}],"wp:term":[{"taxonomy":"category","embeddable":true,"href":"https:\/\/blogdoedvaldomagalhaes.com.br\/index.php\/wp-json\/wp\/v2\/categories?post=50444"},{"taxonomy":"post_tag","embeddable":true,"href":"https:\/\/blogdoedvaldomagalhaes.com.br\/index.php\/wp-json\/wp\/v2\/tags?post=50444"}],"curies":[{"name":"wp","href":"https:\/\/api.w.org\/{rel}","templated":true}]}}