{"id":50440,"date":"2020-01-08T19:33:10","date_gmt":"2020-01-08T22:33:10","guid":{"rendered":"http:\/\/blogdoedvaldomagalhaes.com.br\/?p=50440"},"modified":"2020-01-08T19:33:13","modified_gmt":"2020-01-08T22:33:13","slug":"curta-metragem-produzido-por-estudantes-da-rede-municipal-de-caruaru-estreia-em-festivais-na-europa","status":"publish","type":"post","link":"https:\/\/blogdoedvaldomagalhaes.com.br\/index.php\/2020\/01\/08\/curta-metragem-produzido-por-estudantes-da-rede-municipal-de-caruaru-estreia-em-festivais-na-europa\/","title":{"rendered":"Curta-metragem produzido por estudantes da rede municipal de Caruaru estreia em festivais na Europa"},"content":{"rendered":"<p style=\"text-align: justify;\"><span style=\"font-size: inherit;\">O estudante Ericks Moraes, matriculado no 9\u00b0 Ano da Escola Municipal Alfredo Pinto Vieira de Melo, orientado pelo professor Paulo Concei\u00e7\u00e3o, dirigiu o curta-metragem &#8220;Sempre Estive Aqui&#8221;, que retrata a hist\u00f3ria de raiz do Nordeste brasileiro. Os contos, gravados por celulares, sa\u00edram da pacata vila de Ita\u00fana, no segundo distrito de Caruaru, e ganharam o mundo. O filme est\u00e1 participando dos festivais The Lift-Off Sessions e do First-Time Filmmaker Sessions, na Inglaterra.<\/span><\/p>\n<p style=\"text-align: justify;\"><br \/>O garoto, de apenas 14 anos, disse que n\u00e3o esperava que o curta tivesse tanto sucesso. \u201cFoi nossa primeira vez, ent\u00e3o eu n\u00e3o sabia da propor\u00e7\u00e3o que tomaria. Estou muito feliz e espero que o filme chegue a mais festivais e que o nosso trabalho possa ser a cada dia mais reconhecido\u201d, comemorou.<br \/><br \/>O professor Paulo Concei\u00e7\u00e3o garantiu que foi necess\u00e1rio estimular a nova gera\u00e7\u00e3o a se expressar por meio da cultura do cinema, teatro e da m\u00fasica. \u201cTrabalhei com eles a linguagem audiovisual e vi o interesse nos olhos deles. A partir da\u00ed, o aluno Ericks Moraes escreveu o roteiro e come\u00e7amos as grava\u00e7\u00f5es. Todo o material foi totalmente produzido por estudantes da rede municipal de ensino, no ano passado&#8221;, recordou.<br \/><br \/>O aluno e tamb\u00e9m ator, Wesley Artur, contou o que foi feito para que o curta sa\u00edsse do papel. \u201cCome\u00e7amos com oficinas de roteiro junto com o professor Paulo e depois pensamos na produ\u00e7\u00e3o como um todo. Estou muito feliz por fazer parte desse projeto e tamb\u00e9m por atuar e poder mostrar meu primeiro papel\u201d, agradeceu.<br \/><br \/>O filme est\u00e1 inscrito em diferentes festivais nacionais e internacionais e j\u00e1 foi exibido ao lado de produ\u00e7\u00f5es dos Estados Unidos, Fran\u00e7a, Alemanha, entre outros. No momento, o curta-metragem &#8220;Sempre Estive Aqui&#8221; est\u00e1 sendo apreciado pelos ingleses.<\/p>\n\n\n<figure class=\"wp-block-image size-large\"><img loading=\"lazy\" decoding=\"async\" width=\"1024\" height=\"642\" src=\"http:\/\/blogdoedvaldomagalhaes.com.br\/wp-content\/uploads\/2020\/01\/IMG-20200108-WA0055-1024x642.jpg\" alt=\"\" class=\"wp-image-50442\" srcset=\"https:\/\/blogdoedvaldomagalhaes.com.br\/wp-content\/uploads\/2020\/01\/IMG-20200108-WA0055-1024x642.jpg 1024w, https:\/\/blogdoedvaldomagalhaes.com.br\/wp-content\/uploads\/2020\/01\/IMG-20200108-WA0055-300x188.jpg 300w, https:\/\/blogdoedvaldomagalhaes.com.br\/wp-content\/uploads\/2020\/01\/IMG-20200108-WA0055-768x482.jpg 768w, https:\/\/blogdoedvaldomagalhaes.com.br\/wp-content\/uploads\/2020\/01\/IMG-20200108-WA0055.jpg 1279w\" sizes=\"auto, (max-width: 1024px) 100vw, 1024px\" \/><\/figure>\n","protected":false},"excerpt":{"rendered":"<p>O estudante Ericks Moraes, matriculado no 9\u00b0 Ano da Escola Municipal Alfredo Pinto Vieira de Melo, orientado pelo professor Paulo&hellip;<\/p>\n","protected":false},"author":1,"featured_media":50441,"comment_status":"open","ping_status":"open","sticky":false,"template":"","format":"standard","meta":{"footnotes":""},"categories":[14120],"tags":[2,16881,17026],"class_list":["post-50440","post","type-post","status-publish","format-standard","has-post-thumbnail","hentry","category-noticias","tag-blog-do-edvaldo-magalhaes","tag-caruaru-e-regiao","tag-curta-metragem-produzido-por-estudantes-da-rede-municipal-de-caruaru-estreia-em-festivais-na-europa"],"_links":{"self":[{"href":"https:\/\/blogdoedvaldomagalhaes.com.br\/index.php\/wp-json\/wp\/v2\/posts\/50440","targetHints":{"allow":["GET"]}}],"collection":[{"href":"https:\/\/blogdoedvaldomagalhaes.com.br\/index.php\/wp-json\/wp\/v2\/posts"}],"about":[{"href":"https:\/\/blogdoedvaldomagalhaes.com.br\/index.php\/wp-json\/wp\/v2\/types\/post"}],"author":[{"embeddable":true,"href":"https:\/\/blogdoedvaldomagalhaes.com.br\/index.php\/wp-json\/wp\/v2\/users\/1"}],"replies":[{"embeddable":true,"href":"https:\/\/blogdoedvaldomagalhaes.com.br\/index.php\/wp-json\/wp\/v2\/comments?post=50440"}],"version-history":[{"count":1,"href":"https:\/\/blogdoedvaldomagalhaes.com.br\/index.php\/wp-json\/wp\/v2\/posts\/50440\/revisions"}],"predecessor-version":[{"id":50443,"href":"https:\/\/blogdoedvaldomagalhaes.com.br\/index.php\/wp-json\/wp\/v2\/posts\/50440\/revisions\/50443"}],"wp:featuredmedia":[{"embeddable":true,"href":"https:\/\/blogdoedvaldomagalhaes.com.br\/index.php\/wp-json\/wp\/v2\/media\/50441"}],"wp:attachment":[{"href":"https:\/\/blogdoedvaldomagalhaes.com.br\/index.php\/wp-json\/wp\/v2\/media?parent=50440"}],"wp:term":[{"taxonomy":"category","embeddable":true,"href":"https:\/\/blogdoedvaldomagalhaes.com.br\/index.php\/wp-json\/wp\/v2\/categories?post=50440"},{"taxonomy":"post_tag","embeddable":true,"href":"https:\/\/blogdoedvaldomagalhaes.com.br\/index.php\/wp-json\/wp\/v2\/tags?post=50440"}],"curies":[{"name":"wp","href":"https:\/\/api.w.org\/{rel}","templated":true}]}}