{"id":50433,"date":"2020-01-08T19:23:06","date_gmt":"2020-01-08T22:23:06","guid":{"rendered":"http:\/\/blogdoedvaldomagalhaes.com.br\/?p=50433"},"modified":"2020-01-08T19:27:30","modified_gmt":"2020-01-08T22:27:30","slug":"representantes-da-prefeitura-de-caruaru-e-da-fundarpe-fazem-visita-tecnica-na-casa-museu-mestre-vitalino","status":"publish","type":"post","link":"https:\/\/blogdoedvaldomagalhaes.com.br\/index.php\/2020\/01\/08\/representantes-da-prefeitura-de-caruaru-e-da-fundarpe-fazem-visita-tecnica-na-casa-museu-mestre-vitalino\/","title":{"rendered":"Representantes da Prefeitura de Caruaru e da Fundarpe fazem visita t\u00e9cnica na Casa Museu Mestre Vitalino"},"content":{"rendered":"<p style=\"text-align: justify;\"><span style=\"font-size: inherit;\">Resentantes da Prefeitura de Caruaru e da Funda\u00e7\u00e3o do Patrim\u00f4nio Hist\u00f3rico e Art\u00edstico de Pernambuco (Fundarpe) fizeram nesta quarta-feira (8) uma visita t\u00e9cnica na Casa Museu Mestre Vitalino. O objetivo do encontro era obter as informa\u00e7\u00f5es t\u00e9cnicas necess\u00e1rias para poss\u00edveis reparos no im\u00f3vel.<\/span><\/p>\n<p style=\"text-align: justify;\">&#8220;De acordo com o que foi observado nesta visita, a Casa Museu Mestre Vitalino n\u00e3o apresenta nenhum risco emergencial. A Fundarpe vai emitir relat\u00f3rio de diagn\u00f3stico e propor solu\u00e7\u00f5es&#8221;, explicou o secret\u00e1rio executivo da FCTC, Yves Goradesky.<\/p>\n<p style=\"text-align: justify;\">Desde o ano passado, a Prefeitura de Caruaru, atrav\u00e9s da Funda\u00e7\u00e3o de Cultura e Turismo (FCTC) vem mantendo um di\u00e1logo com a fam\u00edlia de Severino Vitalino, que antes de passar por problemas de sa\u00fade e falecer, era respons\u00e1vel pelo museu. Duas tendas foram colocadas cobrindo a Casa Museu Mestre Vitalino, para proteger o espa\u00e7o.<\/p>\n\n\n<figure class=\"wp-block-image size-large\"><img loading=\"lazy\" decoding=\"async\" width=\"1024\" height=\"682\" src=\"http:\/\/blogdoedvaldomagalhaes.com.br\/wp-content\/uploads\/2020\/01\/IMG-20200108-WA0052-1024x682.jpg\" alt=\"\" class=\"wp-image-50435\" srcset=\"https:\/\/blogdoedvaldomagalhaes.com.br\/wp-content\/uploads\/2020\/01\/IMG-20200108-WA0052-1024x682.jpg 1024w, https:\/\/blogdoedvaldomagalhaes.com.br\/wp-content\/uploads\/2020\/01\/IMG-20200108-WA0052-300x200.jpg 300w, https:\/\/blogdoedvaldomagalhaes.com.br\/wp-content\/uploads\/2020\/01\/IMG-20200108-WA0052-768x512.jpg 768w, https:\/\/blogdoedvaldomagalhaes.com.br\/wp-content\/uploads\/2020\/01\/IMG-20200108-WA0052.jpg 1280w\" sizes=\"auto, (max-width: 1024px) 100vw, 1024px\" \/><\/figure>\n\n\n\n<figure class=\"wp-block-image size-large\"><img loading=\"lazy\" decoding=\"async\" width=\"799\" height=\"533\" src=\"http:\/\/blogdoedvaldomagalhaes.com.br\/wp-content\/uploads\/2020\/01\/IMG-20200108-WA0051.jpg\" alt=\"\" class=\"wp-image-50436\" srcset=\"https:\/\/blogdoedvaldomagalhaes.com.br\/wp-content\/uploads\/2020\/01\/IMG-20200108-WA0051.jpg 799w, https:\/\/blogdoedvaldomagalhaes.com.br\/wp-content\/uploads\/2020\/01\/IMG-20200108-WA0051-300x200.jpg 300w, https:\/\/blogdoedvaldomagalhaes.com.br\/wp-content\/uploads\/2020\/01\/IMG-20200108-WA0051-768x512.jpg 768w\" sizes=\"auto, (max-width: 799px) 100vw, 799px\" \/><figcaption>Fotos: Jana\u00edna Pepeu<\/figcaption><\/figure>\n","protected":false},"excerpt":{"rendered":"<p>Resentantes da Prefeitura de Caruaru e da Funda\u00e7\u00e3o do Patrim\u00f4nio Hist\u00f3rico e Art\u00edstico de Pernambuco (Fundarpe) fizeram nesta quarta-feira (8)&hellip;<\/p>\n","protected":false},"author":1,"featured_media":50434,"comment_status":"open","ping_status":"open","sticky":false,"template":"","format":"standard","meta":{"footnotes":""},"categories":[14120],"tags":[2,16881,17025],"class_list":["post-50433","post","type-post","status-publish","format-standard","has-post-thumbnail","hentry","category-noticias","tag-blog-do-edvaldo-magalhaes","tag-caruaru-e-regiao","tag-representantes-da-prefeitura-de-caruaru-e-da-fundarpe-fazem-visita-tecnica-na-casa-museu-mestre-vitalino"],"_links":{"self":[{"href":"https:\/\/blogdoedvaldomagalhaes.com.br\/index.php\/wp-json\/wp\/v2\/posts\/50433","targetHints":{"allow":["GET"]}}],"collection":[{"href":"https:\/\/blogdoedvaldomagalhaes.com.br\/index.php\/wp-json\/wp\/v2\/posts"}],"about":[{"href":"https:\/\/blogdoedvaldomagalhaes.com.br\/index.php\/wp-json\/wp\/v2\/types\/post"}],"author":[{"embeddable":true,"href":"https:\/\/blogdoedvaldomagalhaes.com.br\/index.php\/wp-json\/wp\/v2\/users\/1"}],"replies":[{"embeddable":true,"href":"https:\/\/blogdoedvaldomagalhaes.com.br\/index.php\/wp-json\/wp\/v2\/comments?post=50433"}],"version-history":[{"count":3,"href":"https:\/\/blogdoedvaldomagalhaes.com.br\/index.php\/wp-json\/wp\/v2\/posts\/50433\/revisions"}],"predecessor-version":[{"id":50439,"href":"https:\/\/blogdoedvaldomagalhaes.com.br\/index.php\/wp-json\/wp\/v2\/posts\/50433\/revisions\/50439"}],"wp:featuredmedia":[{"embeddable":true,"href":"https:\/\/blogdoedvaldomagalhaes.com.br\/index.php\/wp-json\/wp\/v2\/media\/50434"}],"wp:attachment":[{"href":"https:\/\/blogdoedvaldomagalhaes.com.br\/index.php\/wp-json\/wp\/v2\/media?parent=50433"}],"wp:term":[{"taxonomy":"category","embeddable":true,"href":"https:\/\/blogdoedvaldomagalhaes.com.br\/index.php\/wp-json\/wp\/v2\/categories?post=50433"},{"taxonomy":"post_tag","embeddable":true,"href":"https:\/\/blogdoedvaldomagalhaes.com.br\/index.php\/wp-json\/wp\/v2\/tags?post=50433"}],"curies":[{"name":"wp","href":"https:\/\/api.w.org\/{rel}","templated":true}]}}