{"id":50430,"date":"2020-01-08T18:16:59","date_gmt":"2020-01-08T21:16:59","guid":{"rendered":"http:\/\/blogdoedvaldomagalhaes.com.br\/?p=50430"},"modified":"2020-01-08T18:17:02","modified_gmt":"2020-01-08T21:17:02","slug":"hmv-abre-processo-seletivo-de-cadastro-de-reserva-para-pessoas-com-deficiencia","status":"publish","type":"post","link":"https:\/\/blogdoedvaldomagalhaes.com.br\/index.php\/2020\/01\/08\/hmv-abre-processo-seletivo-de-cadastro-de-reserva-para-pessoas-com-deficiencia\/","title":{"rendered":"HMV abre processo seletivo de cadastro de reserva para pessoas com defici\u00eancia"},"content":{"rendered":"<p style=\"text-align: justify;\"><span style=\"font-size: inherit;\">O Hospital Mestre Vitalino est\u00e1 com edital aberto para forma\u00e7\u00e3o de cadastro de reserva e poss\u00edvel contrata\u00e7\u00e3o de pessoas com defici\u00eancia (PCD). Os interessados devem enviar curr\u00edculo at\u00e9 o dia 10 de janeiro pelo e-mail (rh.hmv@hospitalmestrevitalino.com.br), para as fun\u00e7\u00f5es de auxiliar administrativo, auxiliar de farm\u00e1cia, auxiliar de cozinha, auxiliar de servi\u00e7os gerais, maqueiro, porteiro e farmac\u00eautico.<\/span><\/p>\n<p style=\"text-align: justify;\">No assunto deve constar o nome completo do candidato e a fun\u00e7\u00e3o pleiteada, al\u00e9m do anexo com laudo m\u00e9dico validado, atestando a esp\u00e9cie e o grau ou n\u00edvel da defici\u00eancia de que \u00e9 acometido, com expressa refer\u00eancia ao C\u00f3digo correspondente da Classifica\u00e7\u00e3o Internacional de Doen\u00e7a &#8211; CID, bem como a prov\u00e1vel causa da defici\u00eancia. O edital com todas as informa\u00e7\u00f5es sobre o processo est\u00e1 dispon\u00edvel no site institucional.<\/p>\n<p style=\"text-align: justify;\">O processo seletivo \u00e9 composto pelas etapas de an\u00e1lise curricular, prova escrita e entrevista, todas de natureza classificat\u00f3ria e eliminat\u00f3ria. O resultado final dever\u00e1 ser divulgado no dia 27 de janeiro, tamb\u00e9m no site (www.hospitalmestrevitalino.com.br). Os candidatos aprovados ser\u00e3o convocados quando tiver vaga dispon\u00edvel. A sele\u00e7\u00e3o tem validade de (06) meses podendo ser prorrogada por igual per\u00edodo.<\/p>\n","protected":false},"excerpt":{"rendered":"<p>O Hospital Mestre Vitalino est\u00e1 com edital aberto para forma\u00e7\u00e3o de cadastro de reserva e poss\u00edvel contrata\u00e7\u00e3o de pessoas com&hellip;<\/p>\n","protected":false},"author":1,"featured_media":50431,"comment_status":"open","ping_status":"open","sticky":false,"template":"","format":"standard","meta":{"footnotes":""},"categories":[14120],"tags":[2,16881,17024],"class_list":["post-50430","post","type-post","status-publish","format-standard","has-post-thumbnail","hentry","category-noticias","tag-blog-do-edvaldo-magalhaes","tag-caruaru-e-regiao","tag-hmv-abre-processo-seletivo-de-cadastro-de-reserva-para-pessoas-com-deficiencia"],"_links":{"self":[{"href":"https:\/\/blogdoedvaldomagalhaes.com.br\/index.php\/wp-json\/wp\/v2\/posts\/50430","targetHints":{"allow":["GET"]}}],"collection":[{"href":"https:\/\/blogdoedvaldomagalhaes.com.br\/index.php\/wp-json\/wp\/v2\/posts"}],"about":[{"href":"https:\/\/blogdoedvaldomagalhaes.com.br\/index.php\/wp-json\/wp\/v2\/types\/post"}],"author":[{"embeddable":true,"href":"https:\/\/blogdoedvaldomagalhaes.com.br\/index.php\/wp-json\/wp\/v2\/users\/1"}],"replies":[{"embeddable":true,"href":"https:\/\/blogdoedvaldomagalhaes.com.br\/index.php\/wp-json\/wp\/v2\/comments?post=50430"}],"version-history":[{"count":1,"href":"https:\/\/blogdoedvaldomagalhaes.com.br\/index.php\/wp-json\/wp\/v2\/posts\/50430\/revisions"}],"predecessor-version":[{"id":50432,"href":"https:\/\/blogdoedvaldomagalhaes.com.br\/index.php\/wp-json\/wp\/v2\/posts\/50430\/revisions\/50432"}],"wp:featuredmedia":[{"embeddable":true,"href":"https:\/\/blogdoedvaldomagalhaes.com.br\/index.php\/wp-json\/wp\/v2\/media\/50431"}],"wp:attachment":[{"href":"https:\/\/blogdoedvaldomagalhaes.com.br\/index.php\/wp-json\/wp\/v2\/media?parent=50430"}],"wp:term":[{"taxonomy":"category","embeddable":true,"href":"https:\/\/blogdoedvaldomagalhaes.com.br\/index.php\/wp-json\/wp\/v2\/categories?post=50430"},{"taxonomy":"post_tag","embeddable":true,"href":"https:\/\/blogdoedvaldomagalhaes.com.br\/index.php\/wp-json\/wp\/v2\/tags?post=50430"}],"curies":[{"name":"wp","href":"https:\/\/api.w.org\/{rel}","templated":true}]}}