{"id":50427,"date":"2020-01-08T15:55:38","date_gmt":"2020-01-08T18:55:38","guid":{"rendered":"http:\/\/blogdoedvaldomagalhaes.com.br\/?p=50427"},"modified":"2020-01-08T15:55:42","modified_gmt":"2020-01-08T18:55:42","slug":"prefeitura-de-caruaru-divulga-calendario-de-pagamento-dos-servidores","status":"publish","type":"post","link":"https:\/\/blogdoedvaldomagalhaes.com.br\/index.php\/2020\/01\/08\/prefeitura-de-caruaru-divulga-calendario-de-pagamento-dos-servidores\/","title":{"rendered":"Prefeitura de Caruaru divulga calend\u00e1rio de pagamento dos servidores"},"content":{"rendered":"<div style=\"text-align: justify;\">A Prefeitura de Caruaru, atrav\u00e9s da Secretaria de Administra\u00e7\u00e3o de Caruaru (SAD), informa a todos os servidores municipais o calend\u00e1rio de pagamento at\u00e9 o final deste ano.<\/div>\n<div style=\"text-align: justify;\"><\/div>\n<div style=\"text-align: justify;\"><b>CALEND\u00c1RIO DE PAGAMENTO &#8211; 2020<\/b><\/div>\n<div style=\"text-align: justify;\"><\/div>\n<div style=\"text-align: justify;\"><b>M\u00caS<\/b> \u00a0 \u00a0 \u00a0 \u00a0 \u00a0 \u00a0 \u00a0 \u00a0 \u00a0 \u00a0 \u00a0\u00a0<b>DATA<\/b><\/div>\n<div style=\"text-align: justify;\">JANEIRO \u00a0 \u00a0 \u00a0 \u00a0 \u00a0 \u00a0 \u00a0 31<\/div>\n<div style=\"text-align: justify;\">FEVEREIRO \u00a0 \u00a0 \u00a0 \u00a0 \u00a0 \u00a0 \u00a0 28<\/div>\n<div style=\"text-align: justify;\">MAR\u00c7O \u00a0 \u00a0 \u00a0 \u00a0 \u00a0 \u00a0 \u00a0 \u00a0 \u00a0 \u00a0 \u00a0 31<\/div>\n<div style=\"text-align: justify;\">ABRIL \u00a0 \u00a0 \u00a0 \u00a0 \u00a0 \u00a0 \u00a0 \u00a0 \u00a0 \u00a0 \u00a0 30<\/div>\n<div style=\"text-align: justify;\">MAIO \u00a0 \u00a0 \u00a0 \u00a0 \u00a0 \u00a0 \u00a0 \u00a0 \u00a0 \u00a0 \u00a0 29<\/div>\n<div style=\"text-align: justify;\">JUNHO \u00a0 \u00a0 \u00a0 \u00a0 \u00a0 \u00a0 \u00a0 \u00a0 \u00a0 \u00a0 \u00a0 30<\/div>\n<div style=\"text-align: justify;\">JULHO \u00a0 \u00a0 \u00a0 \u00a0 \u00a0 \u00a0 \u00a0 \u00a0 \u00a0 \u00a0 \u00a0 31<\/div>\n<div style=\"text-align: justify;\">AGOSTO \u00a0 \u00a0 \u00a0 \u00a0 \u00a0 \u00a0 \u00a0 \u00a0 \u00a0 \u00a0 \u00a0 31<\/div>\n<div style=\"text-align: justify;\">SETEMBRO \u00a0 \u00a0 \u00a0 \u00a0 \u00a0 \u00a0 \u00a0 30<\/div>\n<div style=\"text-align: justify;\">OUTUBRO \u00a0 \u00a0 \u00a0 \u00a0 \u00a0 \u00a0 \u00a0 30<\/div>\n<div style=\"text-align: justify;\">NOVEMBRO \u00a0 \u00a0 \u00a0 \u00a0 \u00a0 \u00a0 \u00a0 30<\/div>\n<div style=\"text-align: justify;\">DEZEMBRO\u00a0 \u00a0 \u00a0 \u00a0 \u00a0 \u00a0 \u00a0 \u00a0 \u00a018 (13\u00ba)<\/div>\n<div style=\"text-align: justify;\">DEZEMBRO \u00a0 \u00a0 \u00a0 \u00a0 \u00a0 \u00a0 \u00a0 31<\/div>\n","protected":false},"excerpt":{"rendered":"<p>A Prefeitura de Caruaru, atrav\u00e9s da Secretaria de Administra\u00e7\u00e3o de Caruaru (SAD), informa a todos os servidores municipais o calend\u00e1rio&hellip;<\/p>\n","protected":false},"author":1,"featured_media":50428,"comment_status":"open","ping_status":"open","sticky":false,"template":"","format":"standard","meta":{"footnotes":""},"categories":[14120],"tags":[2,16881,17023],"class_list":["post-50427","post","type-post","status-publish","format-standard","has-post-thumbnail","hentry","category-noticias","tag-blog-do-edvaldo-magalhaes","tag-caruaru-e-regiao","tag-prefeitura-de-caruaru-divulga-calendario-de-pagamento-dos-servidores"],"_links":{"self":[{"href":"https:\/\/blogdoedvaldomagalhaes.com.br\/index.php\/wp-json\/wp\/v2\/posts\/50427","targetHints":{"allow":["GET"]}}],"collection":[{"href":"https:\/\/blogdoedvaldomagalhaes.com.br\/index.php\/wp-json\/wp\/v2\/posts"}],"about":[{"href":"https:\/\/blogdoedvaldomagalhaes.com.br\/index.php\/wp-json\/wp\/v2\/types\/post"}],"author":[{"embeddable":true,"href":"https:\/\/blogdoedvaldomagalhaes.com.br\/index.php\/wp-json\/wp\/v2\/users\/1"}],"replies":[{"embeddable":true,"href":"https:\/\/blogdoedvaldomagalhaes.com.br\/index.php\/wp-json\/wp\/v2\/comments?post=50427"}],"version-history":[{"count":1,"href":"https:\/\/blogdoedvaldomagalhaes.com.br\/index.php\/wp-json\/wp\/v2\/posts\/50427\/revisions"}],"predecessor-version":[{"id":50429,"href":"https:\/\/blogdoedvaldomagalhaes.com.br\/index.php\/wp-json\/wp\/v2\/posts\/50427\/revisions\/50429"}],"wp:featuredmedia":[{"embeddable":true,"href":"https:\/\/blogdoedvaldomagalhaes.com.br\/index.php\/wp-json\/wp\/v2\/media\/50428"}],"wp:attachment":[{"href":"https:\/\/blogdoedvaldomagalhaes.com.br\/index.php\/wp-json\/wp\/v2\/media?parent=50427"}],"wp:term":[{"taxonomy":"category","embeddable":true,"href":"https:\/\/blogdoedvaldomagalhaes.com.br\/index.php\/wp-json\/wp\/v2\/categories?post=50427"},{"taxonomy":"post_tag","embeddable":true,"href":"https:\/\/blogdoedvaldomagalhaes.com.br\/index.php\/wp-json\/wp\/v2\/tags?post=50427"}],"curies":[{"name":"wp","href":"https:\/\/api.w.org\/{rel}","templated":true}]}}