{"id":50424,"date":"2020-01-08T15:25:51","date_gmt":"2020-01-08T18:25:51","guid":{"rendered":"http:\/\/blogdoedvaldomagalhaes.com.br\/?p=50424"},"modified":"2020-01-08T15:25:56","modified_gmt":"2020-01-08T18:25:56","slug":"prefeitura-de-caruaru-abre-cadastramento-de-blocos-e-trocas-no-dia-13-de-janeiro","status":"publish","type":"post","link":"https:\/\/blogdoedvaldomagalhaes.com.br\/index.php\/2020\/01\/08\/prefeitura-de-caruaru-abre-cadastramento-de-blocos-e-trocas-no-dia-13-de-janeiro\/","title":{"rendered":"Prefeitura de Caruaru abre cadastramento de blocos e tro\u00e7as no dia 13 de janeiro"},"content":{"rendered":"<p style=\"text-align: justify;\"><span style=\"font-size: inherit;\">A Funda\u00e7\u00e3o de Cultura e Turismo de Caruaru inicia, na pr\u00f3xima segunda-feira (13), o cadastramento de blocos de rua e tro\u00e7as para o Carnaval 2020. Os respons\u00e1veis pelas agremia\u00e7\u00f5es e que pretendem participar da festa t\u00eam at\u00e9 o dia 20 de janeiro para realizar o cadastro.<\/span><\/p>\n<p style=\"text-align: justify;\">Ser\u00e1 necess\u00e1rio informar o n\u00famero do RG, nome completo, nome do bloco e percurso do mesmo, al\u00e9m de um telefone para contato. Na ocasi\u00e3o do cadastro, o respons\u00e1vel receber\u00e1 uma c\u00f3pia da portaria 5926, da Secretaria de Defesa Social (SDS), sobre procedimentos para solicita\u00e7\u00e3o de refor\u00e7o na seguran\u00e7a p\u00fablica.<\/p>\n<p style=\"text-align: justify;\">O hor\u00e1rio de atendimento \u00e9 das 8h \u00e0s 13h, no Espa\u00e7o Cultural Tancredo Neves, localizado na Pra\u00e7a Coronel Jos\u00e9 de Vasconcelos, 100, bairro Nossa Senhora das Dores. D\u00favidas podem ser esclarecidas pelo telefone: (81) 3721-1257.<\/p>\n","protected":false},"excerpt":{"rendered":"<p>A Funda\u00e7\u00e3o de Cultura e Turismo de Caruaru inicia, na pr\u00f3xima segunda-feira (13), o cadastramento de blocos de rua e&hellip;<\/p>\n","protected":false},"author":1,"featured_media":50425,"comment_status":"open","ping_status":"open","sticky":false,"template":"","format":"standard","meta":{"footnotes":""},"categories":[14120],"tags":[2,16881,17022],"class_list":["post-50424","post","type-post","status-publish","format-standard","has-post-thumbnail","hentry","category-noticias","tag-blog-do-edvaldo-magalhaes","tag-caruaru-e-regiao","tag-prefeitura-de-caruaru-abre-cadastramento-de-blocos-e-trocas-no-dia-13-de-janeiro"],"_links":{"self":[{"href":"https:\/\/blogdoedvaldomagalhaes.com.br\/index.php\/wp-json\/wp\/v2\/posts\/50424","targetHints":{"allow":["GET"]}}],"collection":[{"href":"https:\/\/blogdoedvaldomagalhaes.com.br\/index.php\/wp-json\/wp\/v2\/posts"}],"about":[{"href":"https:\/\/blogdoedvaldomagalhaes.com.br\/index.php\/wp-json\/wp\/v2\/types\/post"}],"author":[{"embeddable":true,"href":"https:\/\/blogdoedvaldomagalhaes.com.br\/index.php\/wp-json\/wp\/v2\/users\/1"}],"replies":[{"embeddable":true,"href":"https:\/\/blogdoedvaldomagalhaes.com.br\/index.php\/wp-json\/wp\/v2\/comments?post=50424"}],"version-history":[{"count":1,"href":"https:\/\/blogdoedvaldomagalhaes.com.br\/index.php\/wp-json\/wp\/v2\/posts\/50424\/revisions"}],"predecessor-version":[{"id":50426,"href":"https:\/\/blogdoedvaldomagalhaes.com.br\/index.php\/wp-json\/wp\/v2\/posts\/50424\/revisions\/50426"}],"wp:featuredmedia":[{"embeddable":true,"href":"https:\/\/blogdoedvaldomagalhaes.com.br\/index.php\/wp-json\/wp\/v2\/media\/50425"}],"wp:attachment":[{"href":"https:\/\/blogdoedvaldomagalhaes.com.br\/index.php\/wp-json\/wp\/v2\/media?parent=50424"}],"wp:term":[{"taxonomy":"category","embeddable":true,"href":"https:\/\/blogdoedvaldomagalhaes.com.br\/index.php\/wp-json\/wp\/v2\/categories?post=50424"},{"taxonomy":"post_tag","embeddable":true,"href":"https:\/\/blogdoedvaldomagalhaes.com.br\/index.php\/wp-json\/wp\/v2\/tags?post=50424"}],"curies":[{"name":"wp","href":"https:\/\/api.w.org\/{rel}","templated":true}]}}