{"id":50419,"date":"2020-01-08T14:24:51","date_gmt":"2020-01-08T17:24:51","guid":{"rendered":"http:\/\/blogdoedvaldomagalhaes.com.br\/?p=50419"},"modified":"2020-01-08T14:35:14","modified_gmt":"2020-01-08T17:35:14","slug":"pms-prendem-individuos-por-receptacao-dolosa-e-porte-ilegal-de-arma-de-fogo","status":"publish","type":"post","link":"https:\/\/blogdoedvaldomagalhaes.com.br\/index.php\/2020\/01\/08\/pms-prendem-individuos-por-receptacao-dolosa-e-porte-ilegal-de-arma-de-fogo\/","title":{"rendered":"PMs prendem indiv\u00edduos por recepta\u00e7\u00e3o dolosa e porte ilegal de arma de fogo"},"content":{"rendered":"<p style=\"text-align: justify;\"><span style=\"font-size: inherit;\">Por volta das 22h, dessa ter\u00e7a-feira (07), policiais do 4\u00ba BPM, receberam informa\u00e7\u00f5es do NIA, que na rua Francisco Maximiniano-A s\/n, bairro Rendeiras, em Caruaru, estaria ocorrendo uma venda de ve\u00edculo roubado.<\/span><\/p>\n<p style=\"text-align: justify;\">De pronto o efetivo policial com apoio do NIA seguiu ao local citado, onde visualizou dois ve\u00edculos, sendo um Corsa Classic, cor Prata e placas PEE-4692 e outro ve\u00edculo de marca Celta, cor Preta e placas DON-4054, e durante as abordagens foram identificados os imputados: IGOR DE LIMA MELO, 22 Anos e PEDRO SERGIO VIANA J\u00daNIOR, 23 anos, por\u00e9m, ao realizar revista pessoal foi encontrado em poder dos mesmos um rev\u00f3lver de marca Taurus, Cal. 32 e numera\u00e7\u00e3o G28301 com tr\u00eas muni\u00e7\u00f5es do mesmo calibre pinadas.<\/p>\n<p style=\"text-align: justify;\">Diante dos fatos, os imputados juntamente com o materiais apreendidos, foram entregues a DPC de Plant\u00e3o em Caruaru, onde foram autuados em flagrante por recepta\u00e7\u00e3o dolosa e porte ilegal de arma de fogo, os quais ser\u00e3o posteriormente apresentados em audi\u00eancia de cust\u00f3dia.<\/p>\n<p style=\"text-align: justify;\">Materiais Apreendidos:<\/p>\n<p style=\"text-align: justify;\">01 \u2013 (Um) Rev\u00f3lver de marca Taurus, Calibre 32 e numera\u00e7\u00e3o G28301 ;<br \/>\n01 \u2013 (Um) Ve\u00edculo Corsa Classic, cor Prata e PEE-4692;<br \/>\n01 \u2013 (Um) Ve\u00edculo Celta, cor Preta e DON-4054;<br \/>\n03 \u2013 (Tr\u00eas) Muni\u00e7\u00f5es calibre 32, ambas pinadas.<\/p>\n<p style=\"text-align: justify;\">JOSIVALDO &#8211; MAJ PM<br \/>\nRESP. P\/ CMDO DO 4\u00baBPM<\/p>\n<p style=\"text-align: justify;\">&#8220;Pol\u00edcia Militar de Pernambuco: Nossa Presen\u00e7a, Sua Seguran\u00e7a&#8221;<\/p>\n","protected":false},"excerpt":{"rendered":"<p>Por volta das 22h, dessa ter\u00e7a-feira (07), policiais do 4\u00ba BPM, receberam informa\u00e7\u00f5es do NIA, que na rua Francisco Maximiniano-A&hellip;<\/p>\n","protected":false},"author":1,"featured_media":50420,"comment_status":"open","ping_status":"open","sticky":false,"template":"","format":"standard","meta":{"footnotes":""},"categories":[14121],"tags":[2,17021],"class_list":["post-50419","post","type-post","status-publish","format-standard","has-post-thumbnail","hentry","category-policial","tag-blog-do-edvaldo-magalhaes","tag-pms-prendem-individuos-por-receptacao-dolosa-e-porte-ilegal-de-arma-de-fogo"],"_links":{"self":[{"href":"https:\/\/blogdoedvaldomagalhaes.com.br\/index.php\/wp-json\/wp\/v2\/posts\/50419","targetHints":{"allow":["GET"]}}],"collection":[{"href":"https:\/\/blogdoedvaldomagalhaes.com.br\/index.php\/wp-json\/wp\/v2\/posts"}],"about":[{"href":"https:\/\/blogdoedvaldomagalhaes.com.br\/index.php\/wp-json\/wp\/v2\/types\/post"}],"author":[{"embeddable":true,"href":"https:\/\/blogdoedvaldomagalhaes.com.br\/index.php\/wp-json\/wp\/v2\/users\/1"}],"replies":[{"embeddable":true,"href":"https:\/\/blogdoedvaldomagalhaes.com.br\/index.php\/wp-json\/wp\/v2\/comments?post=50419"}],"version-history":[{"count":2,"href":"https:\/\/blogdoedvaldomagalhaes.com.br\/index.php\/wp-json\/wp\/v2\/posts\/50419\/revisions"}],"predecessor-version":[{"id":50423,"href":"https:\/\/blogdoedvaldomagalhaes.com.br\/index.php\/wp-json\/wp\/v2\/posts\/50419\/revisions\/50423"}],"wp:featuredmedia":[{"embeddable":true,"href":"https:\/\/blogdoedvaldomagalhaes.com.br\/index.php\/wp-json\/wp\/v2\/media\/50420"}],"wp:attachment":[{"href":"https:\/\/blogdoedvaldomagalhaes.com.br\/index.php\/wp-json\/wp\/v2\/media?parent=50419"}],"wp:term":[{"taxonomy":"category","embeddable":true,"href":"https:\/\/blogdoedvaldomagalhaes.com.br\/index.php\/wp-json\/wp\/v2\/categories?post=50419"},{"taxonomy":"post_tag","embeddable":true,"href":"https:\/\/blogdoedvaldomagalhaes.com.br\/index.php\/wp-json\/wp\/v2\/tags?post=50419"}],"curies":[{"name":"wp","href":"https:\/\/api.w.org\/{rel}","templated":true}]}}