{"id":50416,"date":"2020-01-08T14:17:17","date_gmt":"2020-01-08T17:17:17","guid":{"rendered":"http:\/\/blogdoedvaldomagalhaes.com.br\/?p=50416"},"modified":"2020-01-08T14:17:21","modified_gmt":"2020-01-08T17:17:21","slug":"camara-de-caruaru-vai-homenagear-poder-judiciario-de-pernambuco","status":"publish","type":"post","link":"https:\/\/blogdoedvaldomagalhaes.com.br\/index.php\/2020\/01\/08\/camara-de-caruaru-vai-homenagear-poder-judiciario-de-pernambuco\/","title":{"rendered":"C\u00e2mara de Caruaru vai homenagear Poder Judici\u00e1rio de Pernambuco"},"content":{"rendered":"<p style=\"text-align: justify;\"><span style=\"font-size: inherit;\">Nesta quinta-feira (09), as composi\u00e7\u00f5es do Tribunal de Justi\u00e7a de Pernambuco, o Tribunal Regional Eleitoral &#8211; PE\u00a0 e a primeira C\u00e2mara Regional do Tribunal de Justi\u00e7a de PE receber\u00e3o homenagens atrav\u00e9s da C\u00e2mara Municipal de Caruaru, pelos relevantes servi\u00e7os prestados ao Agreste de Pernambuco. A propositura das comendas \u00e9 de autoria do Presidente da Casa, vereador Lula T\u00f4rres (PSDB).\u00a0<\/span><\/p>\n<p style=\"text-align: justify;\">\u201cOs desembargadores exercem papel fundamental na nossa sociedade, colocando em pr\u00e1tica a justi\u00e7a, atuando de forma isenta para a constru\u00e7\u00e3o de uma sociedade mais justa. E \u00e9 papel da C\u00e2mara, reconhecer este excelente trabalho realizado por eles\u201d destaca Lula T\u00f4rres.<\/p>\n<p style=\"text-align: justify;\">A sess\u00e3o solene est\u00e1 prevista para acontecer \u00e0s 10h, no F\u00f3rum Juiz Dem\u00f3stenes Veras, no Bairro Universit\u00e1rio.<\/p>\n<p>Foto: Vladimir Rodrigues.<\/p>\n","protected":false},"excerpt":{"rendered":"<p>Nesta quinta-feira (09), as composi\u00e7\u00f5es do Tribunal de Justi\u00e7a de Pernambuco, o Tribunal Regional Eleitoral &#8211; PE\u00a0 e a primeira&hellip;<\/p>\n","protected":false},"author":1,"featured_media":50417,"comment_status":"open","ping_status":"open","sticky":false,"template":"","format":"standard","meta":{"footnotes":""},"categories":[14122],"tags":[2,17020,16881],"class_list":["post-50416","post","type-post","status-publish","format-standard","has-post-thumbnail","hentry","category-politica","tag-blog-do-edvaldo-magalhaes","tag-camara-de-caruaru-vai-homenagear-poder-judiciario-de-pernambuco","tag-caruaru-e-regiao"],"_links":{"self":[{"href":"https:\/\/blogdoedvaldomagalhaes.com.br\/index.php\/wp-json\/wp\/v2\/posts\/50416","targetHints":{"allow":["GET"]}}],"collection":[{"href":"https:\/\/blogdoedvaldomagalhaes.com.br\/index.php\/wp-json\/wp\/v2\/posts"}],"about":[{"href":"https:\/\/blogdoedvaldomagalhaes.com.br\/index.php\/wp-json\/wp\/v2\/types\/post"}],"author":[{"embeddable":true,"href":"https:\/\/blogdoedvaldomagalhaes.com.br\/index.php\/wp-json\/wp\/v2\/users\/1"}],"replies":[{"embeddable":true,"href":"https:\/\/blogdoedvaldomagalhaes.com.br\/index.php\/wp-json\/wp\/v2\/comments?post=50416"}],"version-history":[{"count":1,"href":"https:\/\/blogdoedvaldomagalhaes.com.br\/index.php\/wp-json\/wp\/v2\/posts\/50416\/revisions"}],"predecessor-version":[{"id":50418,"href":"https:\/\/blogdoedvaldomagalhaes.com.br\/index.php\/wp-json\/wp\/v2\/posts\/50416\/revisions\/50418"}],"wp:featuredmedia":[{"embeddable":true,"href":"https:\/\/blogdoedvaldomagalhaes.com.br\/index.php\/wp-json\/wp\/v2\/media\/50417"}],"wp:attachment":[{"href":"https:\/\/blogdoedvaldomagalhaes.com.br\/index.php\/wp-json\/wp\/v2\/media?parent=50416"}],"wp:term":[{"taxonomy":"category","embeddable":true,"href":"https:\/\/blogdoedvaldomagalhaes.com.br\/index.php\/wp-json\/wp\/v2\/categories?post=50416"},{"taxonomy":"post_tag","embeddable":true,"href":"https:\/\/blogdoedvaldomagalhaes.com.br\/index.php\/wp-json\/wp\/v2\/tags?post=50416"}],"curies":[{"name":"wp","href":"https:\/\/api.w.org\/{rel}","templated":true}]}}