{"id":50413,"date":"2020-01-08T14:09:32","date_gmt":"2020-01-08T17:09:32","guid":{"rendered":"http:\/\/blogdoedvaldomagalhaes.com.br\/?p=50413"},"modified":"2020-01-08T14:09:36","modified_gmt":"2020-01-08T17:09:36","slug":"eu-quero-10-resgata-brincadeiras-infantis-em-colonia-de-ferias","status":"publish","type":"post","link":"https:\/\/blogdoedvaldomagalhaes.com.br\/index.php\/2020\/01\/08\/eu-quero-10-resgata-brincadeiras-infantis-em-colonia-de-ferias\/","title":{"rendered":"Eu Quero 10 resgata brincadeiras infantis em col\u00f4nia de f\u00e9rias"},"content":{"rendered":"<p style=\"text-align: justify;\"><span style=\"font-size: inherit;\">As f\u00e9rias chegaram, e o que as crian\u00e7as mais querem? Divers\u00e3o! Depois de um ano com muito estudo, nada melhor do que praticar atividades diferentes para aproveitar o tempo livre. Mas, e os pais que trabalham, como ocupar os momentos dos pequenos? Para suprir esta necessidade, o refor\u00e7o escolar Eu Quero 10 organizou uma col\u00f4nia de f\u00e9rias para que eles gastem toda energia e se divirtam muito.<\/span><\/p>\n<p style=\"text-align: justify;\">Diversas atividades foram pensadas para que a crian\u00e7ada brinque e tamb\u00e9m aprenda. Focado nas brincadeiras infantis de antigamente, o Eu Quero 10 preparou uma programa\u00e7\u00e3o, junto com o recreador Tio Leo, com torta na cara, passa ou repassa, jogo de perguntas e respostas, jogo da velha, al\u00e9m de passeio de trenzinho, pipoca, algod\u00e3o doce e muitas mais.<br \/>\nDe acordo com Renata Senna, diretora do Eu Quero 10, os momentos de divers\u00e3o s\u00e3o essenciais para o desenvolvimento. \u201cA gente passa o ano acompanhando o desenvolvimento das crian\u00e7as, principalmente na quest\u00e3o escolar, mas elas tamb\u00e9m precisam participar de atividades l\u00fadicas e esportivas para trabalhar a socializa\u00e7\u00e3o, psicomotricidade, intera\u00e7\u00e3o, conviv\u00eancia em grupo e, ainda, despertar e desenvolver novos conhecimentos. A nossa col\u00f4nia de f\u00e9rias traz esta proposta e tamb\u00e9m d\u00e1 aquela for\u00e7a para os pais que n\u00e3o t\u00eam muito tempo nesse per\u00edodo de f\u00e9rias\u201d, explicou.<br \/>\nA col\u00f4nia de f\u00e9rias Eu Quero 10 ter\u00e1 in\u00edcio dia 13 de janeiro e segue at\u00e9 o final do m\u00eas, com atividades pela manh\u00e3, 8h \u00e0s 12h, e \u00e0 tarde, 14h \u00e0s 18h. Mais informa\u00e7\u00f5es atrav\u00e9s do telefone (81) 3046-4231 ou pelo instagram @eu_quero_10.<\/p>\n","protected":false},"excerpt":{"rendered":"<p>As f\u00e9rias chegaram, e o que as crian\u00e7as mais querem? Divers\u00e3o! Depois de um ano com muito estudo, nada melhor&hellip;<\/p>\n","protected":false},"author":1,"featured_media":50414,"comment_status":"open","ping_status":"open","sticky":false,"template":"","format":"standard","meta":{"footnotes":""},"categories":[14120],"tags":[2,16881,17019],"class_list":["post-50413","post","type-post","status-publish","format-standard","has-post-thumbnail","hentry","category-noticias","tag-blog-do-edvaldo-magalhaes","tag-caruaru-e-regiao","tag-eu-quero-10-resgata-brincadeiras-infantis-em-colonia-de-ferias"],"_links":{"self":[{"href":"https:\/\/blogdoedvaldomagalhaes.com.br\/index.php\/wp-json\/wp\/v2\/posts\/50413","targetHints":{"allow":["GET"]}}],"collection":[{"href":"https:\/\/blogdoedvaldomagalhaes.com.br\/index.php\/wp-json\/wp\/v2\/posts"}],"about":[{"href":"https:\/\/blogdoedvaldomagalhaes.com.br\/index.php\/wp-json\/wp\/v2\/types\/post"}],"author":[{"embeddable":true,"href":"https:\/\/blogdoedvaldomagalhaes.com.br\/index.php\/wp-json\/wp\/v2\/users\/1"}],"replies":[{"embeddable":true,"href":"https:\/\/blogdoedvaldomagalhaes.com.br\/index.php\/wp-json\/wp\/v2\/comments?post=50413"}],"version-history":[{"count":1,"href":"https:\/\/blogdoedvaldomagalhaes.com.br\/index.php\/wp-json\/wp\/v2\/posts\/50413\/revisions"}],"predecessor-version":[{"id":50415,"href":"https:\/\/blogdoedvaldomagalhaes.com.br\/index.php\/wp-json\/wp\/v2\/posts\/50413\/revisions\/50415"}],"wp:featuredmedia":[{"embeddable":true,"href":"https:\/\/blogdoedvaldomagalhaes.com.br\/index.php\/wp-json\/wp\/v2\/media\/50414"}],"wp:attachment":[{"href":"https:\/\/blogdoedvaldomagalhaes.com.br\/index.php\/wp-json\/wp\/v2\/media?parent=50413"}],"wp:term":[{"taxonomy":"category","embeddable":true,"href":"https:\/\/blogdoedvaldomagalhaes.com.br\/index.php\/wp-json\/wp\/v2\/categories?post=50413"},{"taxonomy":"post_tag","embeddable":true,"href":"https:\/\/blogdoedvaldomagalhaes.com.br\/index.php\/wp-json\/wp\/v2\/tags?post=50413"}],"curies":[{"name":"wp","href":"https:\/\/api.w.org\/{rel}","templated":true}]}}