{"id":50410,"date":"2020-01-08T13:57:05","date_gmt":"2020-01-08T16:57:05","guid":{"rendered":"http:\/\/blogdoedvaldomagalhaes.com.br\/?p=50410"},"modified":"2020-01-08T13:57:09","modified_gmt":"2020-01-08T16:57:09","slug":"diocese-de-caruaru-ordenou-seis-novos-diaconos-nessa-terca-feira-7","status":"publish","type":"post","link":"https:\/\/blogdoedvaldomagalhaes.com.br\/index.php\/2020\/01\/08\/diocese-de-caruaru-ordenou-seis-novos-diaconos-nessa-terca-feira-7\/","title":{"rendered":"Diocese de Caruaru ordenou seis novos di\u00e1conos nessa ter\u00e7a-feira (7)"},"content":{"rendered":"<p style=\"text-align: justify;\"><span style=\"font-size: inherit;\">Nesta ter\u00e7a-feira (7), o bispo diocesano Dom Jos\u00e9 Ruy ordenou seis novos di\u00e1conos provis\u00f3rios para a Diocese de Caruaru. Foram ordenados os jovens Jos\u00e9 Adjacl\u00e9cio, Alexandre Justino, Jean Lucas, Josivan Nunes, F\u00e1bio Severino e S\u00e9rgio Manoel. A cerim\u00f4nia foi realizada na Catedral de Nossa Senhora das Dores, em Caruaru, e contou com a presen\u00e7a de pessoas das 19 cidades que comp\u00f5em a diocese.<\/span><\/p>\n<p style=\"text-align: justify;\">Os seminaristas foram apresentados \u00e0 ordem sacra pelo reitor do semin\u00e1rio interdiocesano, Pe. Erandi Expedito, no in\u00edcio da celebra\u00e7\u00e3o. Durante o rito, os novos di\u00e1conos receberam os novos paramentos e o evangeli\u00e1rio. \u201cFoi por estar inquieto que Deus veio em forma de homem na manjedoura. Que a inquieta\u00e7\u00e3o de Deus pelo homem vos toque. Que todos possam experimentar a proximidade de Deus e receber a sua alegria atrav\u00e9s do minist\u00e9rio de voc\u00eas\u201d, afirmou o bispo na cerim\u00f4nia.<\/p>\n<p style=\"text-align: justify;\">Ap\u00f3s quase dez anos de prepara\u00e7\u00e3o e estudo, os seis neodi\u00e1conos ir\u00e3o se preparar a partir de agora para receber a ordem presbiteral. Durante este per\u00edodo, eles estar\u00e3o auxiliando no trabalho pastoral de algumas par\u00f3quias da Diocese.<\/p>\n","protected":false},"excerpt":{"rendered":"<p>Nesta ter\u00e7a-feira (7), o bispo diocesano Dom Jos\u00e9 Ruy ordenou seis novos di\u00e1conos provis\u00f3rios para a Diocese de Caruaru. Foram&hellip;<\/p>\n","protected":false},"author":1,"featured_media":50411,"comment_status":"open","ping_status":"open","sticky":false,"template":"","format":"standard","meta":{"footnotes":""},"categories":[14120],"tags":[2,16881,17018],"class_list":["post-50410","post","type-post","status-publish","format-standard","has-post-thumbnail","hentry","category-noticias","tag-blog-do-edvaldo-magalhaes","tag-caruaru-e-regiao","tag-diocese-de-caruaru-ordenou-seis-novos-diaconos-nessa-terca-feira-7"],"_links":{"self":[{"href":"https:\/\/blogdoedvaldomagalhaes.com.br\/index.php\/wp-json\/wp\/v2\/posts\/50410","targetHints":{"allow":["GET"]}}],"collection":[{"href":"https:\/\/blogdoedvaldomagalhaes.com.br\/index.php\/wp-json\/wp\/v2\/posts"}],"about":[{"href":"https:\/\/blogdoedvaldomagalhaes.com.br\/index.php\/wp-json\/wp\/v2\/types\/post"}],"author":[{"embeddable":true,"href":"https:\/\/blogdoedvaldomagalhaes.com.br\/index.php\/wp-json\/wp\/v2\/users\/1"}],"replies":[{"embeddable":true,"href":"https:\/\/blogdoedvaldomagalhaes.com.br\/index.php\/wp-json\/wp\/v2\/comments?post=50410"}],"version-history":[{"count":1,"href":"https:\/\/blogdoedvaldomagalhaes.com.br\/index.php\/wp-json\/wp\/v2\/posts\/50410\/revisions"}],"predecessor-version":[{"id":50412,"href":"https:\/\/blogdoedvaldomagalhaes.com.br\/index.php\/wp-json\/wp\/v2\/posts\/50410\/revisions\/50412"}],"wp:featuredmedia":[{"embeddable":true,"href":"https:\/\/blogdoedvaldomagalhaes.com.br\/index.php\/wp-json\/wp\/v2\/media\/50411"}],"wp:attachment":[{"href":"https:\/\/blogdoedvaldomagalhaes.com.br\/index.php\/wp-json\/wp\/v2\/media?parent=50410"}],"wp:term":[{"taxonomy":"category","embeddable":true,"href":"https:\/\/blogdoedvaldomagalhaes.com.br\/index.php\/wp-json\/wp\/v2\/categories?post=50410"},{"taxonomy":"post_tag","embeddable":true,"href":"https:\/\/blogdoedvaldomagalhaes.com.br\/index.php\/wp-json\/wp\/v2\/tags?post=50410"}],"curies":[{"name":"wp","href":"https:\/\/api.w.org\/{rel}","templated":true}]}}