{"id":50407,"date":"2020-01-08T11:16:37","date_gmt":"2020-01-08T14:16:37","guid":{"rendered":"http:\/\/blogdoedvaldomagalhaes.com.br\/?p=50407"},"modified":"2020-01-09T10:30:10","modified_gmt":"2020-01-09T13:30:10","slug":"funase-faz-primeiras-convocacoes-de-agentes-em-caruaru-e-garanhuns-em-2020","status":"publish","type":"post","link":"https:\/\/blogdoedvaldomagalhaes.com.br\/index.php\/2020\/01\/08\/funase-faz-primeiras-convocacoes-de-agentes-em-caruaru-e-garanhuns-em-2020\/","title":{"rendered":"Funase faz primeiras convoca\u00e7\u00f5es de agentes em Caruaru e Garanhuns em 2020"},"content":{"rendered":"<p style=\"text-align: justify;\">Novos socioeducadores est\u00e3o sendo chamados a atuar em unidades da institui\u00e7\u00e3o em Caruaru e em Garanhuns, no Agreste.<\/p>\n<p style=\"text-align: justify;\">A Funda\u00e7\u00e3o de Atendimento Socioeducativo (Funase) publicou, na edi\u00e7\u00e3o desta quarta (8) do Di\u00e1rio Oficial do Estado, as primeiras convoca\u00e7\u00f5es de agentes socioeducativos em 2020. Tr\u00eas profissionais est\u00e3o sendo chamados a assumir seus cargos, sendo dois deles em Caruaru e um em Garanhuns, no Agreste de Pernambuco. O n\u00e3o comparecimento ser\u00e1 considerado desist\u00eancia da vaga.<\/p>\n<p style=\"text-align: justify;\">Os convocados dever\u00e3o se apresentar nas unidades da Funase nesses munic\u00edpios entre 13 e 17 de janeiro, das 8h \u00e0s 11h, com a documenta\u00e7\u00e3o necess\u00e1ria para a contrata\u00e7\u00e3o, dispon\u00edvel no site www.funase.pe.gov.br. Em Caruaru, o local de comparecimento fica na Estrada Carro\u00e7\u00e1vel, S\u00edtio Lagoa dos Porcos, Boa Vista II. J\u00e1 em Garanhuns, na Avenida Bom Pastor, s\/n, Boa Vista.<\/p>\n<p style=\"text-align: justify;\">Outras informa\u00e7\u00f5es podem ser obtidas pelos telefones (81) 3719.9433\/9432 (Caruaru) e (87) 3761.8476\/8283 (Garanhuns).<\/p>\n","protected":false},"excerpt":{"rendered":"<p>Novos socioeducadores est\u00e3o sendo chamados a atuar em unidades da institui\u00e7\u00e3o em Caruaru e em Garanhuns, no Agreste. A Funda\u00e7\u00e3o&hellip;<\/p>\n","protected":false},"author":1,"featured_media":50408,"comment_status":"open","ping_status":"open","sticky":false,"template":"","format":"standard","meta":{"footnotes":""},"categories":[14120],"tags":[2,16881,17017],"class_list":["post-50407","post","type-post","status-publish","format-standard","has-post-thumbnail","hentry","category-noticias","tag-blog-do-edvaldo-magalhaes","tag-caruaru-e-regiao","tag-funase-faz-primeiras-convocacoes-de-agentes-em-caruaru-e-garanhuns-em-2020"],"_links":{"self":[{"href":"https:\/\/blogdoedvaldomagalhaes.com.br\/index.php\/wp-json\/wp\/v2\/posts\/50407","targetHints":{"allow":["GET"]}}],"collection":[{"href":"https:\/\/blogdoedvaldomagalhaes.com.br\/index.php\/wp-json\/wp\/v2\/posts"}],"about":[{"href":"https:\/\/blogdoedvaldomagalhaes.com.br\/index.php\/wp-json\/wp\/v2\/types\/post"}],"author":[{"embeddable":true,"href":"https:\/\/blogdoedvaldomagalhaes.com.br\/index.php\/wp-json\/wp\/v2\/users\/1"}],"replies":[{"embeddable":true,"href":"https:\/\/blogdoedvaldomagalhaes.com.br\/index.php\/wp-json\/wp\/v2\/comments?post=50407"}],"version-history":[{"count":1,"href":"https:\/\/blogdoedvaldomagalhaes.com.br\/index.php\/wp-json\/wp\/v2\/posts\/50407\/revisions"}],"predecessor-version":[{"id":50409,"href":"https:\/\/blogdoedvaldomagalhaes.com.br\/index.php\/wp-json\/wp\/v2\/posts\/50407\/revisions\/50409"}],"wp:featuredmedia":[{"embeddable":true,"href":"https:\/\/blogdoedvaldomagalhaes.com.br\/index.php\/wp-json\/wp\/v2\/media\/50408"}],"wp:attachment":[{"href":"https:\/\/blogdoedvaldomagalhaes.com.br\/index.php\/wp-json\/wp\/v2\/media?parent=50407"}],"wp:term":[{"taxonomy":"category","embeddable":true,"href":"https:\/\/blogdoedvaldomagalhaes.com.br\/index.php\/wp-json\/wp\/v2\/categories?post=50407"},{"taxonomy":"post_tag","embeddable":true,"href":"https:\/\/blogdoedvaldomagalhaes.com.br\/index.php\/wp-json\/wp\/v2\/tags?post=50407"}],"curies":[{"name":"wp","href":"https:\/\/api.w.org\/{rel}","templated":true}]}}