{"id":504,"date":"2018-12-06T13:21:00","date_gmt":"2018-12-06T15:21:00","guid":{"rendered":"http:\/\/blogdoedvaldomagalhaes.com.br\/index.php\/2018\/12\/06\/jovem-suspeito-de-trafico-de-drogas-e\/"},"modified":"2019-02-09T02:44:41","modified_gmt":"2019-02-09T04:44:41","slug":"jovem-suspeito-de-trafico-de-drogas-e","status":"publish","type":"post","link":"https:\/\/blogdoedvaldomagalhaes.com.br\/index.php\/2018\/12\/06\/jovem-suspeito-de-trafico-de-drogas-e\/","title":{"rendered":"Jovem suspeito de tr\u00e1fico de drogas \u00e9 preso em Caruaru"},"content":{"rendered":"<div class=\"separator\" style=\"clear: both; text-align: center;\">\n<a href=\"https:\/\/4.bp.blogspot.com\/-W0mj8ZzvkhU\/XAkhbrJOWbI\/AAAAAAAA_Is\/peS-cdrsvOUHcEzO_uE550pxBqQQGjQiwCLcBGAs\/s1600\/drogas.jpg\" imageanchor=\"1\" style=\"margin-left: 1em; margin-right: 1em;\"><img loading=\"lazy\" decoding=\"async\" border=\"0\" data-original-height=\"960\" data-original-width=\"720\" height=\"640\" src=\"http:\/\/blogdoedvaldomagalhaes.com.br\/wp-content\/uploads\/2018\/12\/drogas.jpg\" width=\"480\" \/><\/a><\/div>\n<div class=\"separator\" style=\"clear: both; text-align: center;\">\nFoto: PMPE\/Divulga\u00e7\u00e3o<\/div>\n<div style=\"text-align: justify;\">\n<\/div>\n<div style=\"text-align: justify;\">\nPor volta das 23h dessa quarta-feira (05), atrav\u00e9s de den\u00fancias an\u00f4nimas, policiais militares foram at\u00e9 uma resid\u00eancia\/mercearia situada no bairro Jos\u00e9 Carlos de Oliveira, a fim de verificar a exist\u00eancia de tr\u00e1fico de drogas no local.<\/div>\n<div style=\"text-align: justify;\">\n<\/div>\n<div style=\"text-align: justify;\">\nCom a chegada dos PMs, o suspeito Carlos Willams Humberto da Silva, de 20 anos, tentou se evadir e jogou um embrulho na casa de tr\u00e1s, mas foi rapidamente detido e o embrulho encontrado, nele havia aproximadamente 250 gramas de maconha.<\/div>\n<div style=\"text-align: justify;\">\n<\/div>\n<div style=\"text-align: justify;\">\nO suspeito e o material apreendido foram levados para a delegacia de plant\u00e3o, onde foi realizado o procedimento policial.<\/div>\n<div style=\"text-align: justify;\">\n<\/div>\n<div style=\"text-align: justify;\">\nInforma\u00e7\u00f5es do 4\u00ba BPM.<\/div>\n<div style=\"text-align: justify;\">\n<\/div>\n","protected":false},"excerpt":{"rendered":"<p>Foto: PMPE\/Divulga\u00e7\u00e3o Por volta das 23h dessa quarta-feira (05), atrav\u00e9s de den\u00fancias an\u00f4nimas, policiais militares foram at\u00e9 uma resid\u00eancia\/mercearia situada&hellip;<\/p>\n","protected":false},"author":1,"featured_media":0,"comment_status":"open","ping_status":"open","sticky":false,"template":"","format":"standard","meta":{"footnotes":""},"categories":[1],"tags":[2,415,13],"class_list":["post-504","post","type-post","status-publish","format-standard","hentry","category-sem-categoria","tag-blog-do-edvaldo-magalhaes","tag-jovem-suspeito-de-trafico-de-drogas-e-preso-em-caruaru","tag-policial"],"_links":{"self":[{"href":"https:\/\/blogdoedvaldomagalhaes.com.br\/index.php\/wp-json\/wp\/v2\/posts\/504","targetHints":{"allow":["GET"]}}],"collection":[{"href":"https:\/\/blogdoedvaldomagalhaes.com.br\/index.php\/wp-json\/wp\/v2\/posts"}],"about":[{"href":"https:\/\/blogdoedvaldomagalhaes.com.br\/index.php\/wp-json\/wp\/v2\/types\/post"}],"author":[{"embeddable":true,"href":"https:\/\/blogdoedvaldomagalhaes.com.br\/index.php\/wp-json\/wp\/v2\/users\/1"}],"replies":[{"embeddable":true,"href":"https:\/\/blogdoedvaldomagalhaes.com.br\/index.php\/wp-json\/wp\/v2\/comments?post=504"}],"version-history":[{"count":1,"href":"https:\/\/blogdoedvaldomagalhaes.com.br\/index.php\/wp-json\/wp\/v2\/posts\/504\/revisions"}],"predecessor-version":[{"id":36539,"href":"https:\/\/blogdoedvaldomagalhaes.com.br\/index.php\/wp-json\/wp\/v2\/posts\/504\/revisions\/36539"}],"wp:attachment":[{"href":"https:\/\/blogdoedvaldomagalhaes.com.br\/index.php\/wp-json\/wp\/v2\/media?parent=504"}],"wp:term":[{"taxonomy":"category","embeddable":true,"href":"https:\/\/blogdoedvaldomagalhaes.com.br\/index.php\/wp-json\/wp\/v2\/categories?post=504"},{"taxonomy":"post_tag","embeddable":true,"href":"https:\/\/blogdoedvaldomagalhaes.com.br\/index.php\/wp-json\/wp\/v2\/tags?post=504"}],"curies":[{"name":"wp","href":"https:\/\/api.w.org\/{rel}","templated":true}]}}