{"id":50398,"date":"2020-01-07T18:58:52","date_gmt":"2020-01-07T21:58:52","guid":{"rendered":"http:\/\/blogdoedvaldomagalhaes.com.br\/?p=50398"},"modified":"2020-01-07T18:58:55","modified_gmt":"2020-01-07T21:58:55","slug":"prefeito-de-caruaru-em-exercicio-participa-de-posse-do-novo-presidente-do-tce","status":"publish","type":"post","link":"https:\/\/blogdoedvaldomagalhaes.com.br\/index.php\/2020\/01\/07\/prefeito-de-caruaru-em-exercicio-participa-de-posse-do-novo-presidente-do-tce\/","title":{"rendered":"Prefeito de Caruaru em exerc\u00edcio participa de posse do novo presidente do TCE"},"content":{"rendered":"<p style=\"text-align: justify;\">O prefeito de Caruaru em exerc\u00edcio, Rodrigo Pinheiro, participou, na manh\u00e3 desta ter\u00e7a-feira (7), no Recife, da sess\u00e3o solene de posse do conselheiro Dirceu Rodolfo na presid\u00eancia do Tribunal de Contas do Estado (bi\u00eanio 2020-2021). O ato aconteceu no audit\u00f3rio do 10\u00ba andar do edif\u00edcio Dom Helder C\u00e2mara.<\/p>\n<p style=\"text-align: justify;\">Pinheiro, que esteve acompanhado do procurador do munic\u00edpio, T\u00falio Vila\u00e7a, desejou sucesso ao novo presidente e disse ter certeza de que ele far\u00e1 um bom trabalho \u00e0 frente do \u00f3rg\u00e3o. Tamb\u00e9m foram empossados os conselheiros Ranilson Ramos, para a vice-presid\u00eancia, e Teresa Duere, para a Corregedoria do Tribunal.<\/p>\n","protected":false},"excerpt":{"rendered":"<p>O prefeito de Caruaru em exerc\u00edcio, Rodrigo Pinheiro, participou, na manh\u00e3 desta ter\u00e7a-feira (7), no Recife, da sess\u00e3o solene de&hellip;<\/p>\n","protected":false},"author":1,"featured_media":50399,"comment_status":"open","ping_status":"open","sticky":false,"template":"","format":"standard","meta":{"footnotes":""},"categories":[14122],"tags":[2,16881,17015],"class_list":["post-50398","post","type-post","status-publish","format-standard","has-post-thumbnail","hentry","category-politica","tag-blog-do-edvaldo-magalhaes","tag-caruaru-e-regiao","tag-prefeito-de-caruaru-em-exercicio-participa-de-posse-do-novo-presidente-do-tce"],"_links":{"self":[{"href":"https:\/\/blogdoedvaldomagalhaes.com.br\/index.php\/wp-json\/wp\/v2\/posts\/50398","targetHints":{"allow":["GET"]}}],"collection":[{"href":"https:\/\/blogdoedvaldomagalhaes.com.br\/index.php\/wp-json\/wp\/v2\/posts"}],"about":[{"href":"https:\/\/blogdoedvaldomagalhaes.com.br\/index.php\/wp-json\/wp\/v2\/types\/post"}],"author":[{"embeddable":true,"href":"https:\/\/blogdoedvaldomagalhaes.com.br\/index.php\/wp-json\/wp\/v2\/users\/1"}],"replies":[{"embeddable":true,"href":"https:\/\/blogdoedvaldomagalhaes.com.br\/index.php\/wp-json\/wp\/v2\/comments?post=50398"}],"version-history":[{"count":1,"href":"https:\/\/blogdoedvaldomagalhaes.com.br\/index.php\/wp-json\/wp\/v2\/posts\/50398\/revisions"}],"predecessor-version":[{"id":50400,"href":"https:\/\/blogdoedvaldomagalhaes.com.br\/index.php\/wp-json\/wp\/v2\/posts\/50398\/revisions\/50400"}],"wp:featuredmedia":[{"embeddable":true,"href":"https:\/\/blogdoedvaldomagalhaes.com.br\/index.php\/wp-json\/wp\/v2\/media\/50399"}],"wp:attachment":[{"href":"https:\/\/blogdoedvaldomagalhaes.com.br\/index.php\/wp-json\/wp\/v2\/media?parent=50398"}],"wp:term":[{"taxonomy":"category","embeddable":true,"href":"https:\/\/blogdoedvaldomagalhaes.com.br\/index.php\/wp-json\/wp\/v2\/categories?post=50398"},{"taxonomy":"post_tag","embeddable":true,"href":"https:\/\/blogdoedvaldomagalhaes.com.br\/index.php\/wp-json\/wp\/v2\/tags?post=50398"}],"curies":[{"name":"wp","href":"https:\/\/api.w.org\/{rel}","templated":true}]}}