{"id":50395,"date":"2020-01-07T18:52:05","date_gmt":"2020-01-07T21:52:05","guid":{"rendered":"http:\/\/blogdoedvaldomagalhaes.com.br\/?p=50395"},"modified":"2020-01-07T18:52:09","modified_gmt":"2020-01-07T21:52:09","slug":"caruaru-brincando-nas-ferias-leva-diversao-para-a-criancada-a-partir-deste-sabado-11","status":"publish","type":"post","link":"https:\/\/blogdoedvaldomagalhaes.com.br\/index.php\/2020\/01\/07\/caruaru-brincando-nas-ferias-leva-diversao-para-a-criancada-a-partir-deste-sabado-11\/","title":{"rendered":"Caruaru Brincando nas F\u00e9rias&#8221; leva divers\u00e3o para a crian\u00e7ada a partir deste s\u00e1bado (11)"},"content":{"rendered":"<p style=\"text-align: justify;\"><span style=\"font-size: inherit;\">O projeto itinerante \u201cCaruaru Brincando nas F\u00e9rias\u201d passar\u00e1 por diversas comunidades caruaruenses durante o m\u00eas de janeiro. Neste s\u00e1bado (11), a iniciativa chega ao Residencial Luiz Bezerra Torres, das 7h30 \u00e0s 10h; e ao Residencial Alto do Moura, das 15h \u00e0s 17h30. As crian\u00e7as e jovens poder\u00e3o se divertir de gra\u00e7a com brincadeiras e jogos esportivos como futsal, voleibol, pega-congelou, amarelinha, bicho de toca, barra-bandeira, junto \u00e0 equipe de profissionais e estagi\u00e1rios de Educa\u00e7\u00e3o F\u00edsica que participam.<\/span><\/p>\n<p style=\"text-align: justify;\">A a\u00e7\u00e3o est\u00e1 sendo promovida pela Prefeitura de Caruaru, atrav\u00e9s da Ger\u00eancia de Esporte e Lazer da Secretaria de Desenvolvimento Social e Direitos Humanos (SDSDH). O projeto itinerante de f\u00e9rias escolares foi iniciado no ano passado e divertiu as comunidades por onde passou.<\/p>\n<p style=\"text-align: justify;\">Programa\u00e7\u00e3o:<br \/>\n11.01 &#8211; Pra\u00e7a do Residencial Luiz Bezerra Torres &#8211; 7h30 \u00e0s 10h<br \/>\n11.01 &#8211; Escola do Residencial Alto do Moura &#8211; 15h \u00e0s 17h30<br \/>\n18.01- Pra\u00e7a da Sagrada Fam\u00edlia no Jos\u00e9 Carlos de Oliveira &#8211; 7h30 \u00e0s 10h<br \/>\n18.01 &#8211; Pra\u00e7a Arlindo Jo\u00e3o de Moura \u2013 Salgado &#8211; 15h \u00e0s 17h30<br \/>\n19.01 &#8211; Monte Bom Jesus &#8211; 15h \u00e0s 17h30<br \/>\n25.01- Rafael \u2013 Zona Rural \u2013 Escola Cesarina Moura &#8211; 7h30 \u00e0s 10h<br \/>\n25.01- Serra dos Pintos \u2013 Zona Rural &#8211; 15h \u00e0s 17h30<\/p>\n","protected":false},"excerpt":{"rendered":"<p>O projeto itinerante \u201cCaruaru Brincando nas F\u00e9rias\u201d passar\u00e1 por diversas comunidades caruaruenses durante o m\u00eas de janeiro. Neste s\u00e1bado (11),&hellip;<\/p>\n","protected":false},"author":1,"featured_media":50396,"comment_status":"open","ping_status":"open","sticky":false,"template":"","format":"standard","meta":{"footnotes":""},"categories":[14120],"tags":[2,17014,16881],"class_list":["post-50395","post","type-post","status-publish","format-standard","has-post-thumbnail","hentry","category-noticias","tag-blog-do-edvaldo-magalhaes","tag-caruaru-brincando-nas-ferias-leva-diversao-para-a-criancada-a-partir-deste-sabado-11","tag-caruaru-e-regiao"],"_links":{"self":[{"href":"https:\/\/blogdoedvaldomagalhaes.com.br\/index.php\/wp-json\/wp\/v2\/posts\/50395","targetHints":{"allow":["GET"]}}],"collection":[{"href":"https:\/\/blogdoedvaldomagalhaes.com.br\/index.php\/wp-json\/wp\/v2\/posts"}],"about":[{"href":"https:\/\/blogdoedvaldomagalhaes.com.br\/index.php\/wp-json\/wp\/v2\/types\/post"}],"author":[{"embeddable":true,"href":"https:\/\/blogdoedvaldomagalhaes.com.br\/index.php\/wp-json\/wp\/v2\/users\/1"}],"replies":[{"embeddable":true,"href":"https:\/\/blogdoedvaldomagalhaes.com.br\/index.php\/wp-json\/wp\/v2\/comments?post=50395"}],"version-history":[{"count":1,"href":"https:\/\/blogdoedvaldomagalhaes.com.br\/index.php\/wp-json\/wp\/v2\/posts\/50395\/revisions"}],"predecessor-version":[{"id":50397,"href":"https:\/\/blogdoedvaldomagalhaes.com.br\/index.php\/wp-json\/wp\/v2\/posts\/50395\/revisions\/50397"}],"wp:featuredmedia":[{"embeddable":true,"href":"https:\/\/blogdoedvaldomagalhaes.com.br\/index.php\/wp-json\/wp\/v2\/media\/50396"}],"wp:attachment":[{"href":"https:\/\/blogdoedvaldomagalhaes.com.br\/index.php\/wp-json\/wp\/v2\/media?parent=50395"}],"wp:term":[{"taxonomy":"category","embeddable":true,"href":"https:\/\/blogdoedvaldomagalhaes.com.br\/index.php\/wp-json\/wp\/v2\/categories?post=50395"},{"taxonomy":"post_tag","embeddable":true,"href":"https:\/\/blogdoedvaldomagalhaes.com.br\/index.php\/wp-json\/wp\/v2\/tags?post=50395"}],"curies":[{"name":"wp","href":"https:\/\/api.w.org\/{rel}","templated":true}]}}