{"id":50387,"date":"2020-01-07T18:08:46","date_gmt":"2020-01-07T21:08:46","guid":{"rendered":"http:\/\/blogdoedvaldomagalhaes.com.br\/?p=50387"},"modified":"2020-01-07T18:11:35","modified_gmt":"2020-01-07T21:11:35","slug":"jogo-do-bem-reune-artistas-e-ex-jogadores-na-arena-de-pernambuco-nesta-quarta-8","status":"publish","type":"post","link":"https:\/\/blogdoedvaldomagalhaes.com.br\/index.php\/2020\/01\/07\/jogo-do-bem-reune-artistas-e-ex-jogadores-na-arena-de-pernambuco-nesta-quarta-8\/","title":{"rendered":"Jogo do Bem re\u00fane artistas e ex-jogadores na Arena de Pernambuco nesta quarta (8)"},"content":{"rendered":"<p style=\"text-align: justify;\"><span style=\"font-size: inherit;\">Uma grande estrela entra em campo na Arena de Pernambuco, nesta quarta-feira (8): a solidariedade. A terceira edi\u00e7\u00e3o do Jogo do Bem acontece a partir das 20h, reunindo nomes da m\u00fasica, esporte e entretenimento para um partida festiva em prol de quatro institui\u00e7\u00f5es de caridade da Regi\u00e3o Metropolitana do Recife. Os ingressos para o Jogo do Bem custam R$ 5 + um quilo de alimento n\u00e3o perec\u00edvel.<\/span><\/p>\n<p style=\"text-align: justify;\">Para o evento, a mobilidade ser\u00e1 refor\u00e7ada. As linhas de \u00f4nibus TI Cosme e Dami\u00e3o\/Arena e Parque Capibaribe\/TI TIP come\u00e7am a operar das 17h e seguem at\u00e9 as 23h durante o jogo, com parada exclusiva na Arena.<\/p>\n<p style=\"text-align: justify;\">\u201cO Governo do Estado, atrav\u00e9s da Arena de Pernambuco, abre seu calend\u00e1rio de eventos em 2020 reunindo um time muito bom em prol da generosidade, da solidariedade. No gramado, entram cantores, ex- atletas, famosos da internet, e nas arquibancadas, aguardamos o povo pernambucano para formar uma corrente de amor ao pr\u00f3ximo\u201d, afirma o secret\u00e1rio de Turismo e Lazer de Pernambuco, Rodrigo Novaes.<\/p>\n<p style=\"text-align: justify;\">Entre os nomes convocados para o jogo especial, ex-jogadores como Carlinhos Bala, com passagens nos tr\u00eas grandes clubes da capital; Ara\u00fajo, ex-atacante do N\u00e1utico; Sandro, ex-zagueiro de Sport e Santa Cruz. Os atletas Filipe Silva e Rafael Padilha, ambos da Sele\u00e7\u00e3o Brasileira de beach soccer tamb\u00e9m marcam presen\u00e7a.<\/p>\n<p style=\"text-align: justify;\">Al\u00e9m deles, figuras da m\u00fasica como os MCs Sheldon, Elvis, Troia e Jap\u00e3o, v\u00e3o jogar ao lado do cantor Geraldinho Lins, do m\u00fasico Dudu do Acordeon, e de comediantes como Rodrigo Marques, o rep\u00f3rter Lucas Strabko, conhecido como Cartolouco, e os influenciadores Breno Melo, da p\u00e1gina Bode Gaiato; Nilsinho, do Fuleragem FC; Marcos Ded\u00e9, do @essediafoifoda e Anderson Dias, do @196sonhos.<\/p>\n<p style=\"text-align: justify;\">A imprensa pernambucana tamb\u00e9m marca presen\u00e7a, com os jornalistas Fl\u00e1vio Barra, Tiago Medeiros e Cardinot.<\/p>\n<p style=\"text-align: justify;\">\nAntes do jogo, a banda Albino Baru, vencedora do projeto Som na Arena, se apresenta a partir das 18h30. \u00c0s 19h, acontece ainda uma partida preliminar entre crian\u00e7as de 9 a 12 anos que participam do projeto social Love F\u00fatbol.<\/p>\n<p style=\"text-align: justify;\">O montante e os materiais arrecadados ser\u00e3o destinados a quatro institui\u00e7\u00f5es: Love F\u00fatbol, que constr\u00f3i campos de futebol em comunidades carentes, AMAR, respons\u00e1vel por auxiliar crian\u00e7as portadoras de microcefalia, Associa\u00e7\u00e3o Afeto, dedicada \u00e0 busca de tratamentos de qualidade \u00e0s crian\u00e7as que sofrem de autismo e \u00e0 ONG Doutores da Felicidade, grupo atuante em hospitais da cidade.<\/p>\n<p style=\"text-align: justify;\">Os ingressos para o Jogo do Bem custam R$ 5 + um quilo de alimento n\u00e3o perec\u00edvel &#8211; crian\u00e7a de at\u00e9 7 anos n\u00e3o paga quando acompanhada por adulto pagante. O acesso ser\u00e1 realizado pelos port\u00f5es C, D, H, I, M, P, T e V.<\/p>\n<p style=\"text-align: justify;\">Estacionamento: R$5<br \/>\nAmarelo e Laranja: port\u00f5es H, I, M, O<br \/>\nAzul: port\u00f5es C, D, H, I<br \/>\nEstacionamento Subsolo: port\u00e3o T<\/p>\n<p style=\"text-align: justify;\">PONTOS DE VENDA<\/p>\n<p style=\"text-align: justify;\">Imp\u00e9rio Cell Benfica (Rua Benfica, 831 &#8211; Madalena, Recife-PE) &#8211; segunda a sexta, das 8h \u00e0s 17h.<\/p>\n<p style=\"text-align: justify;\">Cia. Fit Academia Unidade Caxang\u00e1 (Avenida do Forte, 477) &#8211; segunda a s\u00e1bado, das 8h \u00e0s 18h.<\/p>\n<p style=\"text-align: justify;\">Excelsior Seguros (Avenida Marqu\u00eas de Olinda, 175, bairro do Recife) &#8211; segunda a sexta, das 8h \u00e0s 16h.<\/p>\n<p style=\"text-align: justify;\">Academia No Stop Fit (Avenida Caxang\u00e1, 5542, Caxang\u00e1, Recife-PE) &#8211; segunda a quinta: 5h30-23h; segunda a sexta: 5h30-22h; s\u00e1bado, 8h-13h<\/p>\n<p style=\"text-align: justify;\">Loja BSW (Avenida Afonso Olindense, 996, Loja 5, V\u00e1rzea, Recife-PE) &#8211; 8h \u00e0s 18h.<\/p>\n<p style=\"text-align: justify;\">Loja Divine (Avenida Dr. Francisco Correia de Ara\u00fajo, 02, S\u00e3o Louren\u00e7o da Mata-PE) &#8211; Segunda a sexta: 8h30 \u00e0s 17h30; s\u00e1bado: 8h30 \u00e0s 13h.<\/p>\n<p style=\"text-align: justify;\">Loja Imprime Barato (Avenida Dr. Pedro Augusto Correia de Ara\u00fajo, parte interna do Hiper Todo Dia, S\u00e3o Louren\u00e7o da Mata-PE) &#8211; 8h \u00e0s 21h.<\/p>\n<p style=\"text-align: justify;\">Barbearia Sr. Bigode (Avenida Belmiro Correia, 767, Centro, Camaragibe-PE) Segunda a s\u00e1bado, das 9h \u00e0s 18h.<\/p>\n<p style=\"text-align: justify;\">Microtec (Avenida Dolores Duran, 29, Curado 2, Jaboat\u00e3o dos Guararapes-PE) Segunda a quinta: 10h \u00e0s 22h; Sexta:10h \u00e0s 23h; S\u00e1bado e domingo: 15h \u00e0s 23h.<\/p>\n<p style=\"text-align: justify;\">QUEM VAI ENTRAR EM CAMPO<\/p>\n<p style=\"text-align: justify;\">Cartolouco (Cartola FC e Sportv)<br \/>\nFl\u00e1vio Barra (Apresentador)<br \/>\nRodrigo Marques (A Culpa \u00c9 do Cabral)<br \/>\nSandro Barbosa (ex-Sport)<br \/>\nAra\u00fajo (Ex-Atl\u00e9tico MG e Goi\u00e1s)<br \/>\nFelipe Silva (sele\u00e7\u00e3o brasileira de beach soccer)<br \/>\nRafael Padilha (sele\u00e7\u00e3o brasileira de beach soccer)<br \/>\nAnderson Dias (196 sonhos)<br \/>\nMarcos Ded\u00e9 (@essediafoifoda)<br \/>\nNilsinho (Fuleragem FC)<br \/>\nCarlinhos Bala<br \/>\nChiquinho<br \/>\nZ\u00e9 do Carmo<br \/>\nCanibal<br \/>\nBreno Melo (@bodegaiato)<br \/>\nGeraldinho Lins<br \/>\nTiago Medeiros (Globo)<br \/>\n\u00cdtalo Senna (Comediante)<br \/>\nTuca Noronha (Empres\u00e1rio)<br \/>\nMaciel Junior (R\u00e1dio Jornal)<br \/>\nFred Figueir\u00f4a<br \/>\nDudu do Acordeon<br \/>\nMC Elvis<br \/>\nNilsinho (@fuleragemfc)<br \/>\nMC Troinha<br \/>\nMC Sheldon<br \/>\nMC Jap\u00e3o<\/p>\n","protected":false},"excerpt":{"rendered":"<p>Uma grande estrela entra em campo na Arena de Pernambuco, nesta quarta-feira (8): a solidariedade. A terceira edi\u00e7\u00e3o do Jogo&hellip;<\/p>\n","protected":false},"author":1,"featured_media":50389,"comment_status":"open","ping_status":"open","sticky":false,"template":"","format":"standard","meta":{"footnotes":""},"categories":[14123],"tags":[2,16881,17012],"class_list":["post-50387","post","type-post","status-publish","format-standard","has-post-thumbnail","hentry","category-futebol","tag-blog-do-edvaldo-magalhaes","tag-caruaru-e-regiao","tag-jogo-do-bem-reune-artistas-e-ex-jogadores-na-arena-de-pernambuco-nesta-quarta-8"],"_links":{"self":[{"href":"https:\/\/blogdoedvaldomagalhaes.com.br\/index.php\/wp-json\/wp\/v2\/posts\/50387","targetHints":{"allow":["GET"]}}],"collection":[{"href":"https:\/\/blogdoedvaldomagalhaes.com.br\/index.php\/wp-json\/wp\/v2\/posts"}],"about":[{"href":"https:\/\/blogdoedvaldomagalhaes.com.br\/index.php\/wp-json\/wp\/v2\/types\/post"}],"author":[{"embeddable":true,"href":"https:\/\/blogdoedvaldomagalhaes.com.br\/index.php\/wp-json\/wp\/v2\/users\/1"}],"replies":[{"embeddable":true,"href":"https:\/\/blogdoedvaldomagalhaes.com.br\/index.php\/wp-json\/wp\/v2\/comments?post=50387"}],"version-history":[{"count":1,"href":"https:\/\/blogdoedvaldomagalhaes.com.br\/index.php\/wp-json\/wp\/v2\/posts\/50387\/revisions"}],"predecessor-version":[{"id":50388,"href":"https:\/\/blogdoedvaldomagalhaes.com.br\/index.php\/wp-json\/wp\/v2\/posts\/50387\/revisions\/50388"}],"wp:featuredmedia":[{"embeddable":true,"href":"https:\/\/blogdoedvaldomagalhaes.com.br\/index.php\/wp-json\/wp\/v2\/media\/50389"}],"wp:attachment":[{"href":"https:\/\/blogdoedvaldomagalhaes.com.br\/index.php\/wp-json\/wp\/v2\/media?parent=50387"}],"wp:term":[{"taxonomy":"category","embeddable":true,"href":"https:\/\/blogdoedvaldomagalhaes.com.br\/index.php\/wp-json\/wp\/v2\/categories?post=50387"},{"taxonomy":"post_tag","embeddable":true,"href":"https:\/\/blogdoedvaldomagalhaes.com.br\/index.php\/wp-json\/wp\/v2\/tags?post=50387"}],"curies":[{"name":"wp","href":"https:\/\/api.w.org\/{rel}","templated":true}]}}