{"id":50384,"date":"2020-01-07T17:56:31","date_gmt":"2020-01-07T20:56:31","guid":{"rendered":"http:\/\/blogdoedvaldomagalhaes.com.br\/?p=50384"},"modified":"2020-01-07T17:56:35","modified_gmt":"2020-01-07T20:56:35","slug":"lancado-processo-seletivo-com-124-vagas-para-secretaria-de-saude-de-caruaru","status":"publish","type":"post","link":"https:\/\/blogdoedvaldomagalhaes.com.br\/index.php\/2020\/01\/07\/lancado-processo-seletivo-com-124-vagas-para-secretaria-de-saude-de-caruaru\/","title":{"rendered":"Lan\u00e7ado processo seletivo com 124 vagas para Secretaria de Sa\u00fade de Caruaru"},"content":{"rendered":"<p style=\"text-align: justify;\">A Prefeitura Municipal de Caruaru lan\u00e7ou mais uma sele\u00e7\u00e3o p\u00fablica simplificada. Dessa vez, as vagas est\u00e3o disponibilizadas para a Secretaria de Sa\u00fade, ser\u00e3o 124 vagas, com a exig\u00eancia de ensino fundamental, m\u00e9dio e t\u00e9cnico.<\/p>\n<p style=\"text-align: justify;\">As inscri\u00e7\u00f5es ser\u00e3o realizadas at\u00e9 o dia 13 de janeiro. Todas as informa\u00e7\u00f5es sobre o processo seletivo est\u00e3o dispon\u00edveis no edital, no site https:\/\/selecoes.caruaru.pe.gov.br. As inscri\u00e7\u00f5es ser\u00e3o feitas, atrav\u00e9s do endere\u00e7o eletr\u00f4nico j\u00e1 citado, ou presencialmente, das 8h \u00e0s 16h na Secretaria de Administra\u00e7\u00e3o (Pra\u00e7a Pedro de Souza, 30, Nossa Senhora das Dores, Caruaru-PE.<\/p>\n","protected":false},"excerpt":{"rendered":"<p>A Prefeitura Municipal de Caruaru lan\u00e7ou mais uma sele\u00e7\u00e3o p\u00fablica simplificada. Dessa vez, as vagas est\u00e3o disponibilizadas para a Secretaria&hellip;<\/p>\n","protected":false},"author":1,"featured_media":50385,"comment_status":"open","ping_status":"open","sticky":false,"template":"","format":"standard","meta":{"footnotes":""},"categories":[14120],"tags":[2,16881,17011],"class_list":["post-50384","post","type-post","status-publish","format-standard","has-post-thumbnail","hentry","category-noticias","tag-blog-do-edvaldo-magalhaes","tag-caruaru-e-regiao","tag-lancado-processo-seletivo-com-124-vagas-para-secretaria-de-saude-de-caruaru"],"_links":{"self":[{"href":"https:\/\/blogdoedvaldomagalhaes.com.br\/index.php\/wp-json\/wp\/v2\/posts\/50384","targetHints":{"allow":["GET"]}}],"collection":[{"href":"https:\/\/blogdoedvaldomagalhaes.com.br\/index.php\/wp-json\/wp\/v2\/posts"}],"about":[{"href":"https:\/\/blogdoedvaldomagalhaes.com.br\/index.php\/wp-json\/wp\/v2\/types\/post"}],"author":[{"embeddable":true,"href":"https:\/\/blogdoedvaldomagalhaes.com.br\/index.php\/wp-json\/wp\/v2\/users\/1"}],"replies":[{"embeddable":true,"href":"https:\/\/blogdoedvaldomagalhaes.com.br\/index.php\/wp-json\/wp\/v2\/comments?post=50384"}],"version-history":[{"count":1,"href":"https:\/\/blogdoedvaldomagalhaes.com.br\/index.php\/wp-json\/wp\/v2\/posts\/50384\/revisions"}],"predecessor-version":[{"id":50386,"href":"https:\/\/blogdoedvaldomagalhaes.com.br\/index.php\/wp-json\/wp\/v2\/posts\/50384\/revisions\/50386"}],"wp:featuredmedia":[{"embeddable":true,"href":"https:\/\/blogdoedvaldomagalhaes.com.br\/index.php\/wp-json\/wp\/v2\/media\/50385"}],"wp:attachment":[{"href":"https:\/\/blogdoedvaldomagalhaes.com.br\/index.php\/wp-json\/wp\/v2\/media?parent=50384"}],"wp:term":[{"taxonomy":"category","embeddable":true,"href":"https:\/\/blogdoedvaldomagalhaes.com.br\/index.php\/wp-json\/wp\/v2\/categories?post=50384"},{"taxonomy":"post_tag","embeddable":true,"href":"https:\/\/blogdoedvaldomagalhaes.com.br\/index.php\/wp-json\/wp\/v2\/tags?post=50384"}],"curies":[{"name":"wp","href":"https:\/\/api.w.org\/{rel}","templated":true}]}}