{"id":50380,"date":"2020-01-07T15:39:30","date_gmt":"2020-01-07T18:39:30","guid":{"rendered":"http:\/\/blogdoedvaldomagalhaes.com.br\/?p=50380"},"modified":"2020-01-07T15:39:34","modified_gmt":"2020-01-07T18:39:34","slug":"comunidade-da-vila-de-patos-celebra-21a-festa-de-nossa-senhora-da-conceicao","status":"publish","type":"post","link":"https:\/\/blogdoedvaldomagalhaes.com.br\/index.php\/2020\/01\/07\/comunidade-da-vila-de-patos-celebra-21a-festa-de-nossa-senhora-da-conceicao\/","title":{"rendered":"Comunidade da Vila de Patos celebra 21\u00aa Festa de Nossa Senhora da Concei\u00e7\u00e3o"},"content":{"rendered":"<p><span style=\"font-size: inherit;\">A comunidade da Vila de Patos, em Riacho das Almas, est\u00e1 celebrando entre os dias 08 e 11 de janeiro a 21\u00aa edi\u00e7\u00e3o da Festa de Nossa Senhora da Concei\u00e7\u00e3o. A programa\u00e7\u00e3o religiosa que come\u00e7a amanh\u00e3 ter\u00e1 missas, participa\u00e7\u00e3o de corais da regi\u00e3o e tamb\u00e9m de comunidades vizinhas. E em todas as noites da festa, ser\u00e1 realizada quermesse. Neste ano, o tema da festa \u00e9 \u201cNo sim de Maria contemplamos a fidelidade ao evangelho\u201d.<\/span><\/p>\n<p>Veja a programa\u00e7\u00e3o religiosa completa:<\/p>\n<p>*Quarta-feira (08\/01)*<br \/>\n19h Abertura do Tr\u00edduo com a prociss\u00e3o da Bandeira saindo da resid\u00eancia de Orlando e Fam\u00edlia<br \/>\n19h30 Celebra\u00e7\u00e3o Eucar\u00edstica com Pe Emerson Mozart<br \/>\nNoiteiros: Homens do Ter\u00e7o de Riacho das Almas, Ramada, Trapi\u00e1, Lagoa de Tr\u00eas Irm\u00e3os, Dois Riachos, Capela Nova, Topada, Placas, Frei Miguelinho, Patos de Frei Miguelinho e comunidade local<br \/>\nAnima\u00e7\u00e3o: Minist\u00e9rio de M\u00fasica Lume-Novo.<\/p>\n<p>*Quinta-feira (09\/01)*<br \/>\n5h30 Of\u00edcio da Imaculada Concei\u00e7\u00e3o<br \/>\n19h Recita\u00e7\u00e3o do ter\u00e7o<br \/>\n19h30 Celebra\u00e7\u00e3o da Palavra com o Di\u00e1cono Jos\u00e9 Sabino da Par\u00f3quia S\u00e3o Jos\u00e9 de Frei Miguelinho<br \/>\nNoiteiros: Mulheres do Ter\u00e7o de Riacho das Almas, Ramada, Trapi\u00e1, Carapot\u00f3s, Placas, Capela Nova, Topada, Patos de Frei Miguelinho e comunidade local<br \/>\nAnima\u00e7\u00e3o: Minist\u00e9rio de M\u00fasica S\u00e3o Jos\u00e9 de Frei Miguelinho<\/p>\n<p>*Sexta-feira (10\/01)*<br \/>\n5h Of\u00edcio da Imaculada Concei\u00e7\u00e3o<br \/>\n19h Recita\u00e7\u00e3o do ter\u00e7o<br \/>\n19h30 Celebra\u00e7\u00e3o Eucar\u00edstica com Frei Lopes da Par\u00f3quia do Convento de Caruaru<br \/>\nNoiteiros: Ter\u00e7o das Crian\u00e7as, Comunidades de Alcantilado, Bara\u00fanas, Rangel e Grupos da M\u00e3e Rainha<br \/>\nAnima\u00e7\u00e3o: Minist\u00e9rio de M\u00fasica Magnificat<\/p>\n<p>*S\u00e1bado (11\/01) \u2013 Dia da Festa*<br \/>\n5h Of\u00edcio da Imaculada Concei\u00e7\u00e3o e Alvorada Festiva<br \/>\n6h Repique do sino e gir\u00e2ndola<br \/>\n12h Repique do sino e gir\u00e2ndola<br \/>\n18h30 Prociss\u00e3o de Nossa Senhora da Concei\u00e7\u00e3o percorrendo a comunidade de Patos, seguida de Missa Campal presidida pelo Pe. Jos\u00e9 Adeildo<br \/>\nAnima\u00e7\u00e3o: Minist\u00e9rio de M\u00fasica Unidos pela F\u00e9 de Capela Nova<\/p>\n<p>Ap\u00f3s o encerramento da missa, a comunidade realizar\u00e1 ainda um tradicional show com fogos de artif\u00edcio, marcando o fim das comemora\u00e7\u00f5es religiosas em homenagem \u00e0 padroeira Nossa Senhora da Concei\u00e7\u00e3o.<\/p>\n","protected":false},"excerpt":{"rendered":"<p>A comunidade da Vila de Patos, em Riacho das Almas, est\u00e1 celebrando entre os dias 08 e 11 de janeiro&hellip;<\/p>\n","protected":false},"author":1,"featured_media":50381,"comment_status":"open","ping_status":"open","sticky":false,"template":"","format":"standard","meta":{"footnotes":""},"categories":[14120],"tags":[2,16881,17010],"class_list":["post-50380","post","type-post","status-publish","format-standard","has-post-thumbnail","hentry","category-noticias","tag-blog-do-edvaldo-magalhaes","tag-caruaru-e-regiao","tag-comunidade-da-vila-de-patos-celebra-21a-festa-de-nossa-senhora-da-conceicao"],"_links":{"self":[{"href":"https:\/\/blogdoedvaldomagalhaes.com.br\/index.php\/wp-json\/wp\/v2\/posts\/50380","targetHints":{"allow":["GET"]}}],"collection":[{"href":"https:\/\/blogdoedvaldomagalhaes.com.br\/index.php\/wp-json\/wp\/v2\/posts"}],"about":[{"href":"https:\/\/blogdoedvaldomagalhaes.com.br\/index.php\/wp-json\/wp\/v2\/types\/post"}],"author":[{"embeddable":true,"href":"https:\/\/blogdoedvaldomagalhaes.com.br\/index.php\/wp-json\/wp\/v2\/users\/1"}],"replies":[{"embeddable":true,"href":"https:\/\/blogdoedvaldomagalhaes.com.br\/index.php\/wp-json\/wp\/v2\/comments?post=50380"}],"version-history":[{"count":1,"href":"https:\/\/blogdoedvaldomagalhaes.com.br\/index.php\/wp-json\/wp\/v2\/posts\/50380\/revisions"}],"predecessor-version":[{"id":50382,"href":"https:\/\/blogdoedvaldomagalhaes.com.br\/index.php\/wp-json\/wp\/v2\/posts\/50380\/revisions\/50382"}],"wp:featuredmedia":[{"embeddable":true,"href":"https:\/\/blogdoedvaldomagalhaes.com.br\/index.php\/wp-json\/wp\/v2\/media\/50381"}],"wp:attachment":[{"href":"https:\/\/blogdoedvaldomagalhaes.com.br\/index.php\/wp-json\/wp\/v2\/media?parent=50380"}],"wp:term":[{"taxonomy":"category","embeddable":true,"href":"https:\/\/blogdoedvaldomagalhaes.com.br\/index.php\/wp-json\/wp\/v2\/categories?post=50380"},{"taxonomy":"post_tag","embeddable":true,"href":"https:\/\/blogdoedvaldomagalhaes.com.br\/index.php\/wp-json\/wp\/v2\/tags?post=50380"}],"curies":[{"name":"wp","href":"https:\/\/api.w.org\/{rel}","templated":true}]}}