{"id":50377,"date":"2020-01-07T15:34:33","date_gmt":"2020-01-07T18:34:33","guid":{"rendered":"http:\/\/blogdoedvaldomagalhaes.com.br\/?p=50377"},"modified":"2020-01-07T15:34:38","modified_gmt":"2020-01-07T18:34:38","slug":"prefeitura-de-caruaru-divulga-calendario-de-pagamento-anual-dos-aposentados-e-pensionistas-do-caruaruprev","status":"publish","type":"post","link":"https:\/\/blogdoedvaldomagalhaes.com.br\/index.php\/2020\/01\/07\/prefeitura-de-caruaru-divulga-calendario-de-pagamento-anual-dos-aposentados-e-pensionistas-do-caruaruprev\/","title":{"rendered":"Prefeitura de Caruaru divulga calend\u00e1rio de pagamento anual dos aposentados e pensionistas do CaruaruPrev"},"content":{"rendered":"<p style=\"text-align: justify;\">A Prefeitura de Caruaru, atrav\u00e9s da Secretaria de Administra\u00e7\u00e3o de Caruaru (SAD), informa a todos os segurados aposentados e pensionistas do CaruaruPrev o calend\u00e1rio de pagamento at\u00e9 o final deste ano.<\/p>\n<p>*CALEND\u00c1RIO DE PAGAMENTO &#8211; 2020*<\/p>\n<p style=\"text-align: justify;\">M\u00caS DATA<br \/>\nJANEIRO 24<br \/>\nFEVEREIRO 27<br \/>\nMAR\u00c7O 27<br \/>\nABRIL 28<br \/>\nMAIO 27<br \/>\nJUNHO 22<br \/>\nJULHO 29<br \/>\nAGOSTO 28<br \/>\nSETEMBRO 28<br \/>\nOUTUBRO 28<br \/>\nNOVEMBRO 27<br \/>\nDEZEMBRO 17 (13\u00ba sal\u00e1rio)<br \/>\nDEZEMBRO 29<\/p>\n","protected":false},"excerpt":{"rendered":"<p>A Prefeitura de Caruaru, atrav\u00e9s da Secretaria de Administra\u00e7\u00e3o de Caruaru (SAD), informa a todos os segurados aposentados e pensionistas&hellip;<\/p>\n","protected":false},"author":1,"featured_media":50378,"comment_status":"open","ping_status":"open","sticky":false,"template":"","format":"standard","meta":{"footnotes":""},"categories":[14120],"tags":[2,16881,17009],"class_list":["post-50377","post","type-post","status-publish","format-standard","has-post-thumbnail","hentry","category-noticias","tag-blog-do-edvaldo-magalhaes","tag-caruaru-e-regiao","tag-prefeitura-de-caruaru-divulga-calendario-de-pagamento-anual-dos-aposentados-e-pensionistas-do-caruaruprev"],"_links":{"self":[{"href":"https:\/\/blogdoedvaldomagalhaes.com.br\/index.php\/wp-json\/wp\/v2\/posts\/50377","targetHints":{"allow":["GET"]}}],"collection":[{"href":"https:\/\/blogdoedvaldomagalhaes.com.br\/index.php\/wp-json\/wp\/v2\/posts"}],"about":[{"href":"https:\/\/blogdoedvaldomagalhaes.com.br\/index.php\/wp-json\/wp\/v2\/types\/post"}],"author":[{"embeddable":true,"href":"https:\/\/blogdoedvaldomagalhaes.com.br\/index.php\/wp-json\/wp\/v2\/users\/1"}],"replies":[{"embeddable":true,"href":"https:\/\/blogdoedvaldomagalhaes.com.br\/index.php\/wp-json\/wp\/v2\/comments?post=50377"}],"version-history":[{"count":1,"href":"https:\/\/blogdoedvaldomagalhaes.com.br\/index.php\/wp-json\/wp\/v2\/posts\/50377\/revisions"}],"predecessor-version":[{"id":50379,"href":"https:\/\/blogdoedvaldomagalhaes.com.br\/index.php\/wp-json\/wp\/v2\/posts\/50377\/revisions\/50379"}],"wp:featuredmedia":[{"embeddable":true,"href":"https:\/\/blogdoedvaldomagalhaes.com.br\/index.php\/wp-json\/wp\/v2\/media\/50378"}],"wp:attachment":[{"href":"https:\/\/blogdoedvaldomagalhaes.com.br\/index.php\/wp-json\/wp\/v2\/media?parent=50377"}],"wp:term":[{"taxonomy":"category","embeddable":true,"href":"https:\/\/blogdoedvaldomagalhaes.com.br\/index.php\/wp-json\/wp\/v2\/categories?post=50377"},{"taxonomy":"post_tag","embeddable":true,"href":"https:\/\/blogdoedvaldomagalhaes.com.br\/index.php\/wp-json\/wp\/v2\/tags?post=50377"}],"curies":[{"name":"wp","href":"https:\/\/api.w.org\/{rel}","templated":true}]}}