{"id":50372,"date":"2020-01-06T22:30:57","date_gmt":"2020-01-07T01:30:57","guid":{"rendered":"http:\/\/blogdoedvaldomagalhaes.com.br\/?p=50372"},"modified":"2020-01-06T22:31:01","modified_gmt":"2020-01-07T01:31:01","slug":"pernambuco-ganha-mais-cinco-conexoes-internacionais-pela-azul","status":"publish","type":"post","link":"https:\/\/blogdoedvaldomagalhaes.com.br\/index.php\/2020\/01\/06\/pernambuco-ganha-mais-cinco-conexoes-internacionais-pela-azul\/","title":{"rendered":"Pernambuco ganha mais cinco conex\u00f5es internacionais pela Azul"},"content":{"rendered":"<p style=\"text-align: justify;\">A Azul, em conjunto com o Governo de Pernambuco, anuncia novidades na malha a\u00e9rea internacional ligando o Recife a destinos da Am\u00e9rica do Sul. Ao todo, ser\u00e3o cinco novas frequ\u00eancias semanais operadas pela empresa, que tem seu hub no Estado.<br \/>A partir de 21 de fevereiro, a a\u00e9rea oferecer\u00e1 liga\u00e7\u00e3o direta da capital pernambucana para Buenos Aires, destino de onde parte a grande maioria dos turistas estrangeiros que v\u00eam a Pernambuco. Ser\u00e3o quatro frequ\u00eancias semanais ligando o Estado \u00e0 capital argentina.<br \/>Outra boa not\u00edcia \u00e9 que, a partir de julho, a companhia contar\u00e1 com a sua primeira liga\u00e7\u00e3o direta do Recife para Montevid\u00e9u, no Uruguai, pa\u00eds que tem aumentado consideravelmente o interesse por Pernambuco. S\u00f3 em 2019, houve um crescimento de 44% na movimenta\u00e7\u00e3o tur\u00edstica de uruguaios no Estado. O Pa\u00eds ocupa hoje o terceiro lugar no ranking de estrangeiros que aqui chegam, logo atr\u00e1s de Portugal (2\u00ba).<br \/>De olho nesse movimento, e na fidelidade dos argentinos com o destino Pernambuco, a Azul ajusta a sua malha, descontinuando os voos para C\u00f3rdoba e Ros\u00e1rio.<br \/>Al\u00e9m dos dois novos destinos na Am\u00e9rica do Sul, a empresa brasileira opera voos diretos para Fort Lauderdale e Orlando, ambas nos Estados Unidos.<\/p>\n\n\n<figure class=\"wp-block-image size-large\"><img loading=\"lazy\" decoding=\"async\" width=\"1024\" height=\"682\" src=\"http:\/\/blogdoedvaldomagalhaes.com.br\/wp-content\/uploads\/2020\/01\/IMG-20200106-WA0367-1024x682.jpg\" alt=\"\" class=\"wp-image-50374\" srcset=\"https:\/\/blogdoedvaldomagalhaes.com.br\/wp-content\/uploads\/2020\/01\/IMG-20200106-WA0367-1024x682.jpg 1024w, https:\/\/blogdoedvaldomagalhaes.com.br\/wp-content\/uploads\/2020\/01\/IMG-20200106-WA0367-300x200.jpg 300w, https:\/\/blogdoedvaldomagalhaes.com.br\/wp-content\/uploads\/2020\/01\/IMG-20200106-WA0367-768x512.jpg 768w, https:\/\/blogdoedvaldomagalhaes.com.br\/wp-content\/uploads\/2020\/01\/IMG-20200106-WA0367.jpg 1280w\" sizes=\"auto, (max-width: 1024px) 100vw, 1024px\" \/><\/figure>\n\n\n\n<figure class=\"wp-block-image size-large\"><img loading=\"lazy\" decoding=\"async\" width=\"682\" height=\"1024\" src=\"http:\/\/blogdoedvaldomagalhaes.com.br\/wp-content\/uploads\/2020\/01\/IMG-20200106-WA0369-682x1024.jpg\" alt=\"\" class=\"wp-image-50375\" srcset=\"https:\/\/blogdoedvaldomagalhaes.com.br\/wp-content\/uploads\/2020\/01\/IMG-20200106-WA0369-682x1024.jpg 682w, https:\/\/blogdoedvaldomagalhaes.com.br\/wp-content\/uploads\/2020\/01\/IMG-20200106-WA0369-200x300.jpg 200w, https:\/\/blogdoedvaldomagalhaes.com.br\/wp-content\/uploads\/2020\/01\/IMG-20200106-WA0369-768x1152.jpg 768w, https:\/\/blogdoedvaldomagalhaes.com.br\/wp-content\/uploads\/2020\/01\/IMG-20200106-WA0369.jpg 853w\" sizes=\"auto, (max-width: 682px) 100vw, 682px\" \/><\/figure>\n","protected":false},"excerpt":{"rendered":"<p>A Azul, em conjunto com o Governo de Pernambuco, anuncia novidades na malha a\u00e9rea internacional ligando o Recife a destinos&hellip;<\/p>\n","protected":false},"author":1,"featured_media":50373,"comment_status":"open","ping_status":"open","sticky":false,"template":"","format":"standard","meta":{"footnotes":""},"categories":[14120],"tags":[2,16881,17008],"class_list":["post-50372","post","type-post","status-publish","format-standard","has-post-thumbnail","hentry","category-noticias","tag-blog-do-edvaldo-magalhaes","tag-caruaru-e-regiao","tag-pernambuco-ganha-mais-cinco-conexoes-internacionais-pela-azul"],"_links":{"self":[{"href":"https:\/\/blogdoedvaldomagalhaes.com.br\/index.php\/wp-json\/wp\/v2\/posts\/50372","targetHints":{"allow":["GET"]}}],"collection":[{"href":"https:\/\/blogdoedvaldomagalhaes.com.br\/index.php\/wp-json\/wp\/v2\/posts"}],"about":[{"href":"https:\/\/blogdoedvaldomagalhaes.com.br\/index.php\/wp-json\/wp\/v2\/types\/post"}],"author":[{"embeddable":true,"href":"https:\/\/blogdoedvaldomagalhaes.com.br\/index.php\/wp-json\/wp\/v2\/users\/1"}],"replies":[{"embeddable":true,"href":"https:\/\/blogdoedvaldomagalhaes.com.br\/index.php\/wp-json\/wp\/v2\/comments?post=50372"}],"version-history":[{"count":1,"href":"https:\/\/blogdoedvaldomagalhaes.com.br\/index.php\/wp-json\/wp\/v2\/posts\/50372\/revisions"}],"predecessor-version":[{"id":50376,"href":"https:\/\/blogdoedvaldomagalhaes.com.br\/index.php\/wp-json\/wp\/v2\/posts\/50372\/revisions\/50376"}],"wp:featuredmedia":[{"embeddable":true,"href":"https:\/\/blogdoedvaldomagalhaes.com.br\/index.php\/wp-json\/wp\/v2\/media\/50373"}],"wp:attachment":[{"href":"https:\/\/blogdoedvaldomagalhaes.com.br\/index.php\/wp-json\/wp\/v2\/media?parent=50372"}],"wp:term":[{"taxonomy":"category","embeddable":true,"href":"https:\/\/blogdoedvaldomagalhaes.com.br\/index.php\/wp-json\/wp\/v2\/categories?post=50372"},{"taxonomy":"post_tag","embeddable":true,"href":"https:\/\/blogdoedvaldomagalhaes.com.br\/index.php\/wp-json\/wp\/v2\/tags?post=50372"}],"curies":[{"name":"wp","href":"https:\/\/api.w.org\/{rel}","templated":true}]}}