{"id":5037,"date":"2017-08-16T20:30:00","date_gmt":"2017-08-16T23:30:00","guid":{"rendered":"http:\/\/blogdoedvaldomagalhaes.com.br\/index.php\/2017\/08\/16\/laura-gomes-comemora-decisao-do-governo\/"},"modified":"2019-02-09T01:40:11","modified_gmt":"2019-02-09T03:40:11","slug":"laura-gomes-comemora-decisao-do-governo","status":"publish","type":"post","link":"https:\/\/blogdoedvaldomagalhaes.com.br\/index.php\/2017\/08\/16\/laura-gomes-comemora-decisao-do-governo\/","title":{"rendered":"Laura Gomes comemora decis\u00e3o do Governo de reabrir o Hospital S\u00e3o Sebasti\u00e3o por conta pr\u00f3pria e contrata\u00e7\u00e3o de espa\u00e7o para Batalh\u00e3o"},"content":{"rendered":"<div class=\"separator\" style=\"clear: both; text-align: center;\">\n<a href=\"https:\/\/1.bp.blogspot.com\/-pDZcU0NDkGg\/WZSq2r20VzI\/AAAAAAAAb7E\/pjeBxglQEFYvrTEWOtTE8pMljs3I8OTkgCLcBGAs\/s1600\/hss.jpg\" imageanchor=\"1\" style=\"margin-left: 1em; margin-right: 1em;\"><img loading=\"lazy\" decoding=\"async\" border=\"0\" data-original-height=\"1200\" data-original-width=\"1600\" height=\"300\" src=\"http:\/\/blogdoedvaldomagalhaes.com.br\/wp-content\/uploads\/2017\/08\/hss-1.jpg\" width=\"400\" \/><\/a><\/div>\n<div class=\"MsoNormal\" style=\"text-align: justify;\">\n<\/div>\n<div class=\"MsoNormal\" style=\"text-align: justify;\">\nA deputada Laura Gomes<br \/>\ncomemorou, em fala na Tribuna da Assembleia, nesta quarta (16), a decis\u00e3o do<br \/>\nGoverno Estadual de reabrir o Hospital S\u00e3o Sebasti\u00e3o por iniciativa pr\u00f3pria e<br \/>\ntamb\u00e9m festejou a contrata\u00e7\u00e3o de um espa\u00e7o para a instala\u00e7\u00e3o do Batalh\u00e3o de Pol\u00edcia<br \/>\nEspecializada em Caruaru. \u201cS\u00e3o not\u00edcias positivas para a popula\u00e7\u00e3o e<br \/>\nafirmativas dos compromissos assumidos com a sa\u00fade e a seguran\u00e7a pelo<br \/>\ngovernador Paulo C\u00e2mara\u201d, destacou.<\/div>\n<div class=\"MsoNormal\" style=\"text-align: justify;\">\nO S\u00e3o Sebasti\u00e3o, fundado h\u00e1<br \/>\n78 anos,&nbsp; dever\u00e1 receber mais de 50<br \/>\nleitos destinados \u00e0 retaguarda do Hospital Regional do Agreste, unidade de<br \/>\nurg\u00eancia sobrecarregada pela demanda de mais de cem munic\u00edpios pernambucanos.<br \/>\nAl\u00e9m do suporte ao HRA, um setor de cuidados paliativos tamb\u00e9m dever\u00e1 funcionar<br \/>\nno espa\u00e7o a ser reinaugurado.<\/div>\n<div class=\"MsoNormal\" style=\"text-align: justify;\">\nA decis\u00e3o do Estado foi<br \/>\nanunciada lado a lado com divulga\u00e7\u00e3o da Prefeitura de Caruaru informando da<br \/>\nimpossibilidade financeira para assumir a municipaliza\u00e7\u00e3o do HSS. A deputada<br \/>\nLaura Gomes, todavia, em requerimento enviado ao Secret\u00e1rio de Sa\u00fade, Iran<br \/>\nCosta, pedindo pressa nas provid\u00eancias para reabrir o hospital, recomenda a<br \/>\nmanuten\u00e7\u00e3o do di\u00e1logo, com portas abertas, para a implanta\u00e7\u00e3o de servi\u00e7os do<br \/>\nmunic\u00edpio na \u00e1rea constru\u00edda de mais de 4.000 metros, do S\u00e3o Sebasti\u00e3o, em a\u00e7\u00e3o<br \/>\nde parceria.<\/div>\n<p><\/p>\n<div class=\"MsoNormal\" style=\"text-align: justify;\">\nNo pronunciamento na tarde<br \/>\nde hoje, a deputada socialista noticiou a contrata\u00e7\u00e3o de um amplo espa\u00e7o, no<br \/>\nbairro do Caiuc\u00e1, destinado \u00e0 instala\u00e7\u00e3o do Batalh\u00e3o de Pol\u00edcia Especializada<br \/>\nde Caruaru, que alocar\u00e1 na cidade 400 policiais, tanto para a\u00e7\u00f5es preventivas<br \/>\ncomo repressivas da viol\u00eancia. \u201cO que foi prometido est\u00e1 sendo cumprido e, em<br \/>\nbreve, a cidade e a regi\u00e3o poder\u00e3o recorrer aos novos contingentes de policiais<br \/>\ntreinados e equipados para combater a criminalidade\u201d, disse a deputada.&nbsp;<\/div>\n","protected":false},"excerpt":{"rendered":"<p>A deputada Laura Gomes comemorou, em fala na Tribuna da Assembleia, nesta quarta (16), a decis\u00e3o do Governo Estadual de&hellip;<\/p>\n","protected":false},"author":1,"featured_media":0,"comment_status":"open","ping_status":"open","sticky":false,"template":"","format":"standard","meta":{"footnotes":""},"categories":[1],"tags":[2,6506,20],"class_list":["post-5037","post","type-post","status-publish","format-standard","hentry","category-sem-categoria","tag-blog-do-edvaldo-magalhaes","tag-laura-gomes-comemora-decisao-do-governo-de-reabrir-o-hospital-sao-sebastiao-por-conta-propria-e-contratacao-de-espaco-para-batalhao","tag-politica"],"_links":{"self":[{"href":"https:\/\/blogdoedvaldomagalhaes.com.br\/index.php\/wp-json\/wp\/v2\/posts\/5037","targetHints":{"allow":["GET"]}}],"collection":[{"href":"https:\/\/blogdoedvaldomagalhaes.com.br\/index.php\/wp-json\/wp\/v2\/posts"}],"about":[{"href":"https:\/\/blogdoedvaldomagalhaes.com.br\/index.php\/wp-json\/wp\/v2\/types\/post"}],"author":[{"embeddable":true,"href":"https:\/\/blogdoedvaldomagalhaes.com.br\/index.php\/wp-json\/wp\/v2\/users\/1"}],"replies":[{"embeddable":true,"href":"https:\/\/blogdoedvaldomagalhaes.com.br\/index.php\/wp-json\/wp\/v2\/comments?post=5037"}],"version-history":[{"count":1,"href":"https:\/\/blogdoedvaldomagalhaes.com.br\/index.php\/wp-json\/wp\/v2\/posts\/5037\/revisions"}],"predecessor-version":[{"id":23246,"href":"https:\/\/blogdoedvaldomagalhaes.com.br\/index.php\/wp-json\/wp\/v2\/posts\/5037\/revisions\/23246"}],"wp:attachment":[{"href":"https:\/\/blogdoedvaldomagalhaes.com.br\/index.php\/wp-json\/wp\/v2\/media?parent=5037"}],"wp:term":[{"taxonomy":"category","embeddable":true,"href":"https:\/\/blogdoedvaldomagalhaes.com.br\/index.php\/wp-json\/wp\/v2\/categories?post=5037"},{"taxonomy":"post_tag","embeddable":true,"href":"https:\/\/blogdoedvaldomagalhaes.com.br\/index.php\/wp-json\/wp\/v2\/tags?post=5037"}],"curies":[{"name":"wp","href":"https:\/\/api.w.org\/{rel}","templated":true}]}}