{"id":50369,"date":"2020-01-06T22:21:25","date_gmt":"2020-01-07T01:21:25","guid":{"rendered":"http:\/\/blogdoedvaldomagalhaes.com.br\/?p=50369"},"modified":"2020-01-06T22:21:31","modified_gmt":"2020-01-07T01:21:31","slug":"clinica-espaco-terapias-faz-plantao-psicologico-gratuito-durante-todo-o-mes-janeiro","status":"publish","type":"post","link":"https:\/\/blogdoedvaldomagalhaes.com.br\/index.php\/2020\/01\/06\/clinica-espaco-terapias-faz-plantao-psicologico-gratuito-durante-todo-o-mes-janeiro\/","title":{"rendered":"Cl\u00ednica Espa\u00e7o Terapias faz plant\u00e3o psicol\u00f3gico gratuito, durante todo o m\u00eas janeiro"},"content":{"rendered":"<p style=\"text-align: justify;\">A a\u00e7\u00e3o celebra a campanha de cuidados com a sa\u00fade mental batizada de Janeiro Branco.<\/p>\n<p style=\"text-align: justify;\">O atendimento ao p\u00fablico ser\u00e1 realizado de forma gratuita, durante todo o m\u00eas de janeiro, come\u00e7ando nesta segunda-feira (06), das 8h \u00e0s 17h.<br \/>\nA popula\u00e7\u00e3o deve fazer o agendamento antecipadamente, atrav\u00e9s do WhatsApp *9.9922-4060*, as vagas s\u00e3o limitadas.<\/p>\n<p style=\"text-align: justify;\">O plant\u00e3o psicol\u00f3gico ser\u00e1 realizado na cl\u00ednica<br \/>\n*Espa\u00e7o Terapias*, que fica no bairro Maur\u00edcio de Nassau, Caruaru._<\/p>\n<p style=\"text-align: justify;\">Uma equipe formada por profissionais da \u00e1rea de psicologia, psicoterapia e terapias integrativas estar\u00e3o fazendo essa a\u00e7\u00e3o social para a popula\u00e7\u00e3o. Al\u00e9m de plant\u00f5es psicol\u00f3gicos a cl\u00ednica Espaco Terapias tamb\u00e9m ir\u00e1 oferecer:<\/p>\n<p style=\"text-align: justify;\">-Constela\u00e7\u00e3o Familiar<br \/>\n-Barras de Access<br \/>\n&#8211; Reiki<br \/>\n-M\u00e9dico Psiquiatra<br \/>\n-Nutricionista<br \/>\n&#8211; Acunpuntura Auricular<\/p>\n<p style=\"text-align: justify;\">A previs\u00e3o \u00e9 receber mais de 100 pessoas, durante todo o dia.<\/p>\n","protected":false},"excerpt":{"rendered":"<p>A a\u00e7\u00e3o celebra a campanha de cuidados com a sa\u00fade mental batizada de Janeiro Branco. O atendimento ao p\u00fablico ser\u00e1&hellip;<\/p>\n","protected":false},"author":1,"featured_media":50370,"comment_status":"open","ping_status":"open","sticky":false,"template":"","format":"standard","meta":{"footnotes":""},"categories":[14120],"tags":[2,16881,17006,17007],"class_list":["post-50369","post","type-post","status-publish","format-standard","has-post-thumbnail","hentry","category-noticias","tag-blog-do-edvaldo-magalhaes","tag-caruaru-e-regiao","tag-clinica-espaco-terapias-faz-plantao-psicologico-gratuito","tag-durante-todo-o-mes-janeiro"],"_links":{"self":[{"href":"https:\/\/blogdoedvaldomagalhaes.com.br\/index.php\/wp-json\/wp\/v2\/posts\/50369","targetHints":{"allow":["GET"]}}],"collection":[{"href":"https:\/\/blogdoedvaldomagalhaes.com.br\/index.php\/wp-json\/wp\/v2\/posts"}],"about":[{"href":"https:\/\/blogdoedvaldomagalhaes.com.br\/index.php\/wp-json\/wp\/v2\/types\/post"}],"author":[{"embeddable":true,"href":"https:\/\/blogdoedvaldomagalhaes.com.br\/index.php\/wp-json\/wp\/v2\/users\/1"}],"replies":[{"embeddable":true,"href":"https:\/\/blogdoedvaldomagalhaes.com.br\/index.php\/wp-json\/wp\/v2\/comments?post=50369"}],"version-history":[{"count":1,"href":"https:\/\/blogdoedvaldomagalhaes.com.br\/index.php\/wp-json\/wp\/v2\/posts\/50369\/revisions"}],"predecessor-version":[{"id":50371,"href":"https:\/\/blogdoedvaldomagalhaes.com.br\/index.php\/wp-json\/wp\/v2\/posts\/50369\/revisions\/50371"}],"wp:featuredmedia":[{"embeddable":true,"href":"https:\/\/blogdoedvaldomagalhaes.com.br\/index.php\/wp-json\/wp\/v2\/media\/50370"}],"wp:attachment":[{"href":"https:\/\/blogdoedvaldomagalhaes.com.br\/index.php\/wp-json\/wp\/v2\/media?parent=50369"}],"wp:term":[{"taxonomy":"category","embeddable":true,"href":"https:\/\/blogdoedvaldomagalhaes.com.br\/index.php\/wp-json\/wp\/v2\/categories?post=50369"},{"taxonomy":"post_tag","embeddable":true,"href":"https:\/\/blogdoedvaldomagalhaes.com.br\/index.php\/wp-json\/wp\/v2\/tags?post=50369"}],"curies":[{"name":"wp","href":"https:\/\/api.w.org\/{rel}","templated":true}]}}