{"id":50354,"date":"2020-01-06T16:49:15","date_gmt":"2020-01-06T19:49:15","guid":{"rendered":"http:\/\/blogdoedvaldomagalhaes.com.br\/?p=50354"},"modified":"2020-01-06T16:53:13","modified_gmt":"2020-01-06T19:53:13","slug":"central-recebe-lateral-esquerdo-emprestado-pelo-sport-para-a-temporada-2020","status":"publish","type":"post","link":"https:\/\/blogdoedvaldomagalhaes.com.br\/index.php\/2020\/01\/06\/central-recebe-lateral-esquerdo-emprestado-pelo-sport-para-a-temporada-2020\/","title":{"rendered":"Central recebe lateral-esquerdo emprestado pelo Sport para a temporada 2020"},"content":{"rendered":"<p style=\"text-align: justify;\">Evandro Lima de Oliveira, o Evandro, 23 anos, chega ao Central Sport Club para a temporada 2020.<\/p>\n<p style=\"text-align: justify;\">O lateral-esquerdo passou pelas categorias de base do Sport\/PE, atuando nas equipes Sub-19, Sub-20, Sub-23 e elenco principal. Na sequ\u00eancia da carreira, o jogador defendeu o ABC\/RN sendo este, o \u00faltimo clube de Evandro. O atleta foi cedido ao Central por meio de empr\u00e9stimo junto ao Rubro-negro de Recife.<\/p>\n<p style=\"text-align: justify;\">No curr\u00edculo, o jovem lateral traz participa\u00e7\u00f5es no Campeonato Brasileiro S\u00e9rie A (2017 e 2018), na Copa Sul-Americana (2017), al\u00e9m de dois t\u00edtulos pernambucanos, pelo clube da capital do Estado.<\/p>\n<p style=\"text-align: justify;\">O Central de Caruaru segue o planejamento de refor\u00e7os, visando as competi\u00e7\u00f5es da temporada 2020: o Estadual da primeira divis\u00e3o e o Brasileir\u00e3o da S\u00e9rie D.<\/p>\n<p style=\"text-align: justify;\">Informa\u00e7\u00f5es: Departamento de Comunica\u00e7\u00e3o do Central Sport Club.<\/p>\n\n\n<figure class=\"wp-block-image size-large\"><img loading=\"lazy\" decoding=\"async\" width=\"1024\" height=\"768\" src=\"http:\/\/blogdoedvaldomagalhaes.com.br\/wp-content\/uploads\/2020\/01\/IMG-20200106-WA0257-1024x768.jpg\" alt=\"\" class=\"wp-image-50357\" srcset=\"https:\/\/blogdoedvaldomagalhaes.com.br\/wp-content\/uploads\/2020\/01\/IMG-20200106-WA0257-1024x768.jpg 1024w, https:\/\/blogdoedvaldomagalhaes.com.br\/wp-content\/uploads\/2020\/01\/IMG-20200106-WA0257-300x225.jpg 300w, https:\/\/blogdoedvaldomagalhaes.com.br\/wp-content\/uploads\/2020\/01\/IMG-20200106-WA0257-768x576.jpg 768w, https:\/\/blogdoedvaldomagalhaes.com.br\/wp-content\/uploads\/2020\/01\/IMG-20200106-WA0257-160x120.jpg 160w, https:\/\/blogdoedvaldomagalhaes.com.br\/wp-content\/uploads\/2020\/01\/IMG-20200106-WA0257.jpg 1280w\" sizes=\"auto, (max-width: 1024px) 100vw, 1024px\" \/><figcaption>Foto: Carlos Recupero <\/figcaption><\/figure>\n","protected":false},"excerpt":{"rendered":"<p>Evandro Lima de Oliveira, o Evandro, 23 anos, chega ao Central Sport Club para a temporada 2020. O lateral-esquerdo passou&hellip;<\/p>\n","protected":false},"author":1,"featured_media":50355,"comment_status":"open","ping_status":"open","sticky":false,"template":"","format":"standard","meta":{"footnotes":""},"categories":[14124],"tags":[2,16881,17004],"class_list":["post-50354","post","type-post","status-publish","format-standard","has-post-thumbnail","hentry","category-centralsc","tag-blog-do-edvaldo-magalhaes","tag-caruaru-e-regiao","tag-central-recebe-lateral-esquerdo-emprestado-pelo-sport-para-a-temporada-2020"],"_links":{"self":[{"href":"https:\/\/blogdoedvaldomagalhaes.com.br\/index.php\/wp-json\/wp\/v2\/posts\/50354","targetHints":{"allow":["GET"]}}],"collection":[{"href":"https:\/\/blogdoedvaldomagalhaes.com.br\/index.php\/wp-json\/wp\/v2\/posts"}],"about":[{"href":"https:\/\/blogdoedvaldomagalhaes.com.br\/index.php\/wp-json\/wp\/v2\/types\/post"}],"author":[{"embeddable":true,"href":"https:\/\/blogdoedvaldomagalhaes.com.br\/index.php\/wp-json\/wp\/v2\/users\/1"}],"replies":[{"embeddable":true,"href":"https:\/\/blogdoedvaldomagalhaes.com.br\/index.php\/wp-json\/wp\/v2\/comments?post=50354"}],"version-history":[{"count":2,"href":"https:\/\/blogdoedvaldomagalhaes.com.br\/index.php\/wp-json\/wp\/v2\/posts\/50354\/revisions"}],"predecessor-version":[{"id":50358,"href":"https:\/\/blogdoedvaldomagalhaes.com.br\/index.php\/wp-json\/wp\/v2\/posts\/50354\/revisions\/50358"}],"wp:featuredmedia":[{"embeddable":true,"href":"https:\/\/blogdoedvaldomagalhaes.com.br\/index.php\/wp-json\/wp\/v2\/media\/50355"}],"wp:attachment":[{"href":"https:\/\/blogdoedvaldomagalhaes.com.br\/index.php\/wp-json\/wp\/v2\/media?parent=50354"}],"wp:term":[{"taxonomy":"category","embeddable":true,"href":"https:\/\/blogdoedvaldomagalhaes.com.br\/index.php\/wp-json\/wp\/v2\/categories?post=50354"},{"taxonomy":"post_tag","embeddable":true,"href":"https:\/\/blogdoedvaldomagalhaes.com.br\/index.php\/wp-json\/wp\/v2\/tags?post=50354"}],"curies":[{"name":"wp","href":"https:\/\/api.w.org\/{rel}","templated":true}]}}