{"id":50346,"date":"2020-01-06T14:17:24","date_gmt":"2020-01-06T17:17:24","guid":{"rendered":"http:\/\/blogdoedvaldomagalhaes.com.br\/?p=50346"},"modified":"2020-01-06T14:17:28","modified_gmt":"2020-01-06T17:17:28","slug":"camara-de-caruaru-discute-reajuste-do-salario-minimo-de-servidores-municipais","status":"publish","type":"post","link":"https:\/\/blogdoedvaldomagalhaes.com.br\/index.php\/2020\/01\/06\/camara-de-caruaru-discute-reajuste-do-salario-minimo-de-servidores-municipais\/","title":{"rendered":"C\u00e2mara de Caruaru discute reajuste do sal\u00e1rio m\u00ednimo de servidores municipais"},"content":{"rendered":"<p style=\"text-align: justify;\">O Presidente da C\u00e2mara Municipal de Caruaru, vereador Lula T\u00f4rres (PSDB), convocou para esta ter\u00e7a-feira (07), \u00e0s 10h, uma reuni\u00e3o extraordin\u00e1ria para discuss\u00e3o &#8211; com os 21 vereadores e a vereadora &#8211; do projeto de reajuste salarial dos servidores municipais. Enviado pelo Poder Executivo, o PL adequa o sal\u00e1rio dos servidores ao valor do sal\u00e1rio m\u00ednimo vigente.<\/p>\n<p>Foto: Vladimir Rodrigues.<\/p>\n","protected":false},"excerpt":{"rendered":"<p>O Presidente da C\u00e2mara Municipal de Caruaru, vereador Lula T\u00f4rres (PSDB), convocou para esta ter\u00e7a-feira (07), \u00e0s 10h, uma reuni\u00e3o&hellip;<\/p>\n","protected":false},"author":1,"featured_media":50347,"comment_status":"open","ping_status":"open","sticky":false,"template":"","format":"standard","meta":{"footnotes":""},"categories":[14122],"tags":[2,17002,16881],"class_list":["post-50346","post","type-post","status-publish","format-standard","has-post-thumbnail","hentry","category-politica","tag-blog-do-edvaldo-magalhaes","tag-camara-de-caruaru-discute-reajuste-do-salario-minimo-de-servidores-municipais","tag-caruaru-e-regiao"],"_links":{"self":[{"href":"https:\/\/blogdoedvaldomagalhaes.com.br\/index.php\/wp-json\/wp\/v2\/posts\/50346","targetHints":{"allow":["GET"]}}],"collection":[{"href":"https:\/\/blogdoedvaldomagalhaes.com.br\/index.php\/wp-json\/wp\/v2\/posts"}],"about":[{"href":"https:\/\/blogdoedvaldomagalhaes.com.br\/index.php\/wp-json\/wp\/v2\/types\/post"}],"author":[{"embeddable":true,"href":"https:\/\/blogdoedvaldomagalhaes.com.br\/index.php\/wp-json\/wp\/v2\/users\/1"}],"replies":[{"embeddable":true,"href":"https:\/\/blogdoedvaldomagalhaes.com.br\/index.php\/wp-json\/wp\/v2\/comments?post=50346"}],"version-history":[{"count":1,"href":"https:\/\/blogdoedvaldomagalhaes.com.br\/index.php\/wp-json\/wp\/v2\/posts\/50346\/revisions"}],"predecessor-version":[{"id":50348,"href":"https:\/\/blogdoedvaldomagalhaes.com.br\/index.php\/wp-json\/wp\/v2\/posts\/50346\/revisions\/50348"}],"wp:featuredmedia":[{"embeddable":true,"href":"https:\/\/blogdoedvaldomagalhaes.com.br\/index.php\/wp-json\/wp\/v2\/media\/50347"}],"wp:attachment":[{"href":"https:\/\/blogdoedvaldomagalhaes.com.br\/index.php\/wp-json\/wp\/v2\/media?parent=50346"}],"wp:term":[{"taxonomy":"category","embeddable":true,"href":"https:\/\/blogdoedvaldomagalhaes.com.br\/index.php\/wp-json\/wp\/v2\/categories?post=50346"},{"taxonomy":"post_tag","embeddable":true,"href":"https:\/\/blogdoedvaldomagalhaes.com.br\/index.php\/wp-json\/wp\/v2\/tags?post=50346"}],"curies":[{"name":"wp","href":"https:\/\/api.w.org\/{rel}","templated":true}]}}