{"id":50342,"date":"2020-01-06T11:04:25","date_gmt":"2020-01-06T14:04:25","guid":{"rendered":"http:\/\/blogdoedvaldomagalhaes.com.br\/?p=50342"},"modified":"2020-01-06T11:04:30","modified_gmt":"2020-01-06T14:04:30","slug":"carro-capota-e-pega-fogo-na-pe-90-proximo-a-vertentes","status":"publish","type":"post","link":"https:\/\/blogdoedvaldomagalhaes.com.br\/index.php\/2020\/01\/06\/carro-capota-e-pega-fogo-na-pe-90-proximo-a-vertentes\/","title":{"rendered":"Carro capota e pega fogo na PE- 90 pr\u00f3ximo a Vertentes"},"content":{"rendered":"<p style=\"text-align: justify;\">Por volta das 06h30 da manh\u00e3 desta segunda-feira (06) o ve\u00edculo Hiunday HB20 seguia na rodovia PE 90 sentindo Toritama\/Vertentes, quando o condutor perdeu o controle do carro e saiu da pista, vindo a capotar e em seguida por conta do impacto o mesmo se incendiou. Por\u00e9m as duas pessoas que estavam no ve\u00edculo conseguiram sair do mesmo antes que as chamas lhe consumisse.<\/p>\n<p style=\"text-align: justify;\">Ainda segundo os relatos colhidos no local, ambos s\u00e3o de Vertentes, uma das v\u00edtimas reside no Gravatazinho e o outro no povoado de Serra Seca, ambos tiveram escoria\u00e7\u00f5es e pancadas na cabe\u00e7a. Um foi socorrido por populares at\u00e9 uma unidade de sa\u00fade na cidade de Vertentes, enquanto a outra v\u00edtima negou socorro e mesmo com as escoria\u00e7\u00f5es seguiu para sua resid\u00eancia.<br \/>\nO que foi levado para a unidade de sa\u00fade em Vertentes, foi atendida e devido a gravidade dos ferimentos foi transferida pra o HRA em Caruaru.<\/p>\n<p>Informa\u00e7\u00f5es e foto: Wendell Galdino.<\/p>\n","protected":false},"excerpt":{"rendered":"<p>Por volta das 06h30 da manh\u00e3 desta segunda-feira (06) o ve\u00edculo Hiunday HB20 seguia na rodovia PE 90 sentindo Toritama\/Vertentes,&hellip;<\/p>\n","protected":false},"author":1,"featured_media":50343,"comment_status":"open","ping_status":"open","sticky":false,"template":"","format":"standard","meta":{"footnotes":""},"categories":[14120],"tags":[2,17001,16881],"class_list":["post-50342","post","type-post","status-publish","format-standard","has-post-thumbnail","hentry","category-noticias","tag-blog-do-edvaldo-magalhaes","tag-carro-capota-e-pega-fogo-na-pe-90-proximo-a-vertentes","tag-caruaru-e-regiao"],"_links":{"self":[{"href":"https:\/\/blogdoedvaldomagalhaes.com.br\/index.php\/wp-json\/wp\/v2\/posts\/50342","targetHints":{"allow":["GET"]}}],"collection":[{"href":"https:\/\/blogdoedvaldomagalhaes.com.br\/index.php\/wp-json\/wp\/v2\/posts"}],"about":[{"href":"https:\/\/blogdoedvaldomagalhaes.com.br\/index.php\/wp-json\/wp\/v2\/types\/post"}],"author":[{"embeddable":true,"href":"https:\/\/blogdoedvaldomagalhaes.com.br\/index.php\/wp-json\/wp\/v2\/users\/1"}],"replies":[{"embeddable":true,"href":"https:\/\/blogdoedvaldomagalhaes.com.br\/index.php\/wp-json\/wp\/v2\/comments?post=50342"}],"version-history":[{"count":1,"href":"https:\/\/blogdoedvaldomagalhaes.com.br\/index.php\/wp-json\/wp\/v2\/posts\/50342\/revisions"}],"predecessor-version":[{"id":50344,"href":"https:\/\/blogdoedvaldomagalhaes.com.br\/index.php\/wp-json\/wp\/v2\/posts\/50342\/revisions\/50344"}],"wp:featuredmedia":[{"embeddable":true,"href":"https:\/\/blogdoedvaldomagalhaes.com.br\/index.php\/wp-json\/wp\/v2\/media\/50343"}],"wp:attachment":[{"href":"https:\/\/blogdoedvaldomagalhaes.com.br\/index.php\/wp-json\/wp\/v2\/media?parent=50342"}],"wp:term":[{"taxonomy":"category","embeddable":true,"href":"https:\/\/blogdoedvaldomagalhaes.com.br\/index.php\/wp-json\/wp\/v2\/categories?post=50342"},{"taxonomy":"post_tag","embeddable":true,"href":"https:\/\/blogdoedvaldomagalhaes.com.br\/index.php\/wp-json\/wp\/v2\/tags?post=50342"}],"curies":[{"name":"wp","href":"https:\/\/api.w.org\/{rel}","templated":true}]}}