{"id":50333,"date":"2020-01-05T21:48:32","date_gmt":"2020-01-06T00:48:32","guid":{"rendered":"http:\/\/blogdoedvaldomagalhaes.com.br\/?p=50333"},"modified":"2020-01-05T22:10:36","modified_gmt":"2020-01-06T01:10:36","slug":"nomeado-o-vice-presidente-da-fundacao-de-cultura-e-turismo-de-caruaru","status":"publish","type":"post","link":"https:\/\/blogdoedvaldomagalhaes.com.br\/index.php\/2020\/01\/05\/nomeado-o-vice-presidente-da-fundacao-de-cultura-e-turismo-de-caruaru\/","title":{"rendered":"Nomeado o vice-presidente da Funda\u00e7\u00e3o de Cultura e Turismo de Caruaru"},"content":{"rendered":"<p style=\"text-align: justify;\">A prefeita Raquel Lyra (PSDB), nomeou na \u00faltima sexta-feira (03), o produtor de eventos, F\u00falvio Wagner, para o cargo de vice-presidente da Funda\u00e7\u00e3o de Cultura e Turismo de Caruaru. F\u00falvio, havia exercido os cargos de Gestor de Eventos e Secret\u00e1rio Executivo na pr\u00f3pria Funda\u00e7\u00e3o.<\/p>\n\n\n<figure class=\"wp-block-image size-large\"><img loading=\"lazy\" decoding=\"async\" width=\"635\" height=\"522\" src=\"http:\/\/blogdoedvaldomagalhaes.com.br\/wp-content\/uploads\/2020\/01\/IMG-20200105-WA0354.jpg\" alt=\"\" class=\"wp-image-50337\" srcset=\"https:\/\/blogdoedvaldomagalhaes.com.br\/wp-content\/uploads\/2020\/01\/IMG-20200105-WA0354.jpg 635w, https:\/\/blogdoedvaldomagalhaes.com.br\/wp-content\/uploads\/2020\/01\/IMG-20200105-WA0354-300x247.jpg 300w\" sizes=\"auto, (max-width: 635px) 100vw, 635px\" \/><\/figure>\n","protected":false},"excerpt":{"rendered":"<p>A prefeita Raquel Lyra (PSDB), nomeou na \u00faltima sexta-feira (03), o produtor de eventos, F\u00falvio Wagner, para o cargo de&hellip;<\/p>\n","protected":false},"author":1,"featured_media":50336,"comment_status":"open","ping_status":"open","sticky":false,"template":"","format":"standard","meta":{"footnotes":""},"categories":[14120],"tags":[2,16881,17000],"class_list":["post-50333","post","type-post","status-publish","format-standard","has-post-thumbnail","hentry","category-noticias","tag-blog-do-edvaldo-magalhaes","tag-caruaru-e-regiao","tag-nomeado-o-vice-presidente-da-fundacao-de-cultura-e-turismo-de-caruaru"],"_links":{"self":[{"href":"https:\/\/blogdoedvaldomagalhaes.com.br\/index.php\/wp-json\/wp\/v2\/posts\/50333","targetHints":{"allow":["GET"]}}],"collection":[{"href":"https:\/\/blogdoedvaldomagalhaes.com.br\/index.php\/wp-json\/wp\/v2\/posts"}],"about":[{"href":"https:\/\/blogdoedvaldomagalhaes.com.br\/index.php\/wp-json\/wp\/v2\/types\/post"}],"author":[{"embeddable":true,"href":"https:\/\/blogdoedvaldomagalhaes.com.br\/index.php\/wp-json\/wp\/v2\/users\/1"}],"replies":[{"embeddable":true,"href":"https:\/\/blogdoedvaldomagalhaes.com.br\/index.php\/wp-json\/wp\/v2\/comments?post=50333"}],"version-history":[{"count":4,"href":"https:\/\/blogdoedvaldomagalhaes.com.br\/index.php\/wp-json\/wp\/v2\/posts\/50333\/revisions"}],"predecessor-version":[{"id":50341,"href":"https:\/\/blogdoedvaldomagalhaes.com.br\/index.php\/wp-json\/wp\/v2\/posts\/50333\/revisions\/50341"}],"wp:featuredmedia":[{"embeddable":true,"href":"https:\/\/blogdoedvaldomagalhaes.com.br\/index.php\/wp-json\/wp\/v2\/media\/50336"}],"wp:attachment":[{"href":"https:\/\/blogdoedvaldomagalhaes.com.br\/index.php\/wp-json\/wp\/v2\/media?parent=50333"}],"wp:term":[{"taxonomy":"category","embeddable":true,"href":"https:\/\/blogdoedvaldomagalhaes.com.br\/index.php\/wp-json\/wp\/v2\/categories?post=50333"},{"taxonomy":"post_tag","embeddable":true,"href":"https:\/\/blogdoedvaldomagalhaes.com.br\/index.php\/wp-json\/wp\/v2\/tags?post=50333"}],"curies":[{"name":"wp","href":"https:\/\/api.w.org\/{rel}","templated":true}]}}