{"id":50325,"date":"2020-01-05T19:24:10","date_gmt":"2020-01-05T22:24:10","guid":{"rendered":"http:\/\/blogdoedvaldomagalhaes.com.br\/?p=50325"},"modified":"2020-01-05T19:34:35","modified_gmt":"2020-01-05T22:34:35","slug":"corpo-em-estado-de-decomposicao-encontrado-em-caruaru-neste-domingo-5","status":"publish","type":"post","link":"https:\/\/blogdoedvaldomagalhaes.com.br\/index.php\/2020\/01\/05\/corpo-em-estado-de-decomposicao-encontrado-em-caruaru-neste-domingo-5\/","title":{"rendered":"Corpo em estado de decomposi\u00e7\u00e3o encontrado em Caruaru neste domingo (5)"},"content":{"rendered":"<p style=\"text-align: justify;\">A Pol\u00edcia Militar foi acionada na tarde deste domingo (05), por moradores de Lagoa do Cedro. Os populares informaram que em um c\u00f3rrego da comunidade havia uma pessoa morta, j\u00e1 em estado de decomposi\u00e7\u00e3o. Os policiais foram ao local e constataram a veracidade da informa\u00e7\u00e3o.<\/p>\n<p style=\"text-align: justify;\">Peritos do Instituto Criminal\u00edstica (IC), fizeram o levantamento cadav\u00e9rico e pediram a presen\u00e7a\u00a0 do Corpo de Bombeiros, para remover o corpo do c\u00f3rrego. At\u00e9 o momento n\u00e3o se sabe o sexo e nem a identifica\u00e7\u00e3o da v\u00edtima. Continue acessando o Blog do Edvaldo Magalh\u00e3es, a qualquer momento postaremos mais informa\u00e7\u00f5es.<\/p>\n<p>Foto: Reprodu\u00e7\u00e3o\/Whatsapp.<\/p>\n","protected":false},"excerpt":{"rendered":"<p>A Pol\u00edcia Militar foi acionada na tarde deste domingo (05), por moradores de Lagoa do Cedro. Os populares informaram que&hellip;<\/p>\n","protected":false},"author":1,"featured_media":50326,"comment_status":"open","ping_status":"open","sticky":false,"template":"","format":"standard","meta":{"footnotes":""},"categories":[14121],"tags":[2,16881,16999],"class_list":["post-50325","post","type-post","status-publish","format-standard","has-post-thumbnail","hentry","category-policial","tag-blog-do-edvaldo-magalhaes","tag-caruaru-e-regiao","tag-corpo-em-estado-de-decomposicao-encontrado-em-caruaru-neste-domingo-5"],"_links":{"self":[{"href":"https:\/\/blogdoedvaldomagalhaes.com.br\/index.php\/wp-json\/wp\/v2\/posts\/50325","targetHints":{"allow":["GET"]}}],"collection":[{"href":"https:\/\/blogdoedvaldomagalhaes.com.br\/index.php\/wp-json\/wp\/v2\/posts"}],"about":[{"href":"https:\/\/blogdoedvaldomagalhaes.com.br\/index.php\/wp-json\/wp\/v2\/types\/post"}],"author":[{"embeddable":true,"href":"https:\/\/blogdoedvaldomagalhaes.com.br\/index.php\/wp-json\/wp\/v2\/users\/1"}],"replies":[{"embeddable":true,"href":"https:\/\/blogdoedvaldomagalhaes.com.br\/index.php\/wp-json\/wp\/v2\/comments?post=50325"}],"version-history":[{"count":4,"href":"https:\/\/blogdoedvaldomagalhaes.com.br\/index.php\/wp-json\/wp\/v2\/posts\/50325\/revisions"}],"predecessor-version":[{"id":50331,"href":"https:\/\/blogdoedvaldomagalhaes.com.br\/index.php\/wp-json\/wp\/v2\/posts\/50325\/revisions\/50331"}],"wp:featuredmedia":[{"embeddable":true,"href":"https:\/\/blogdoedvaldomagalhaes.com.br\/index.php\/wp-json\/wp\/v2\/media\/50326"}],"wp:attachment":[{"href":"https:\/\/blogdoedvaldomagalhaes.com.br\/index.php\/wp-json\/wp\/v2\/media?parent=50325"}],"wp:term":[{"taxonomy":"category","embeddable":true,"href":"https:\/\/blogdoedvaldomagalhaes.com.br\/index.php\/wp-json\/wp\/v2\/categories?post=50325"},{"taxonomy":"post_tag","embeddable":true,"href":"https:\/\/blogdoedvaldomagalhaes.com.br\/index.php\/wp-json\/wp\/v2\/tags?post=50325"}],"curies":[{"name":"wp","href":"https:\/\/api.w.org\/{rel}","templated":true}]}}