{"id":5032,"date":"2017-08-17T10:53:00","date_gmt":"2017-08-17T13:53:00","guid":{"rendered":"http:\/\/blogdoedvaldomagalhaes.com.br\/index.php\/2017\/08\/17\/araujo-samurai-vai-disputar-2-divisao\/"},"modified":"2019-02-09T01:40:12","modified_gmt":"2019-02-09T03:40:12","slug":"araujo-samurai-vai-disputar-2-divisao","status":"publish","type":"post","link":"https:\/\/blogdoedvaldomagalhaes.com.br\/index.php\/2017\/08\/17\/araujo-samurai-vai-disputar-2-divisao\/","title":{"rendered":"Ara\u00fajo &#8216;Samurai&#8217; vai disputar a 2\u00aa Divis\u00e3o-PE pelo 7 de Setembro de Garanhuns"},"content":{"rendered":"<div class=\"separator\" style=\"clear: both; text-align: center;\">\n<a href=\"https:\/\/4.bp.blogspot.com\/-kzOLWVNBFn0\/WZV1AlYIn4I\/AAAAAAAAb8o\/TZmfC7MDF10JEFe-_4PyA6kcVd3yD6oigCLcBGAs\/s1600\/ara%25C3%25BAjo.jpg\" imageanchor=\"1\" style=\"margin-left: 1em; margin-right: 1em;\"><img loading=\"lazy\" decoding=\"async\" border=\"0\" data-original-height=\"390\" data-original-width=\"690\" height=\"225\" src=\"http:\/\/blogdoedvaldomagalhaes.com.br\/wp-content\/uploads\/2017\/08\/araC3BAjo.jpg\" width=\"400\" \/><\/a><\/div>\n<div style=\"background: white; line-height: 18.75pt; margin-bottom: .0001pt; margin: 0cm; text-align: justify; vertical-align: baseline;\">\n<\/div>\n<div style=\"background: white; line-height: 18.75pt; margin-bottom: .0001pt; margin: 0cm; text-align: justify; vertical-align: baseline;\">\nA apresenta\u00e7\u00e3o oficial do atacante&nbsp;<a href=\"http:\/\/globoesporte.globo.com\/atleta\/araujo.html\" style=\"-webkit-font-smoothing: antialiased; box-sizing: content-box; font-stretch: inherit; font-style: inherit; font-variant: inherit; line-height: inherit; transition: color 0.35s;\"><b>Ara\u00fajo<\/b><\/a>&nbsp;ao 7 de Setembro de Garanhuns ser\u00e1 nesta sexta-feira (18).&nbsp;O jogador formado no Porto-PE e<br \/>\ncom passagem pela Sele\u00e7\u00e3o Brasileira, al\u00e9m de v\u00e1rios clubes como Goi\u00e1s,<br \/>\nFluminense, Cruzeiro e Atl\u00e9tico-MG, N\u00e1utico e Central de Caruaru.&nbsp;<\/div>\n<p><\/p>\n<div style=\"-webkit-font-smoothing: antialiased; background: white; box-sizing: content-box; font-stretch: inherit; font-variant-numeric: inherit; line-height: 18.75pt; margin: 0cm 0cm 0.0001pt; text-align: justify; vertical-align: baseline; word-wrap: break-word;\">\nAra\u00fajo chega como o principal refor\u00e7o do time garanhuense para<br \/>\no Campeonato Pernambucano da S\u00e9rie A2 de 2017. O t\u00e9cnico chileno Javier Diaz est\u00e1 feliz com a contrata\u00e7\u00e3o. Laelson Lima est\u00e1 na coordena\u00e7\u00e3o t\u00e9cnica do time.<\/div>\n","protected":false},"excerpt":{"rendered":"<p>A apresenta\u00e7\u00e3o oficial do atacante&nbsp;Ara\u00fajo&nbsp;ao 7 de Setembro de Garanhuns ser\u00e1 nesta sexta-feira (18).&nbsp;O jogador formado no Porto-PE e com&hellip;<\/p>\n","protected":false},"author":1,"featured_media":0,"comment_status":"open","ping_status":"open","sticky":false,"template":"","format":"standard","meta":{"footnotes":""},"categories":[1],"tags":[6499,2,3],"class_list":["post-5032","post","type-post","status-publish","format-standard","hentry","category-sem-categoria","tag-araujo-samurai-vai-disputar-a-2a-divisao-pe-pelo-7-de-setembro-de-garanhuns","tag-blog-do-edvaldo-magalhaes","tag-futebol"],"_links":{"self":[{"href":"https:\/\/blogdoedvaldomagalhaes.com.br\/index.php\/wp-json\/wp\/v2\/posts\/5032","targetHints":{"allow":["GET"]}}],"collection":[{"href":"https:\/\/blogdoedvaldomagalhaes.com.br\/index.php\/wp-json\/wp\/v2\/posts"}],"about":[{"href":"https:\/\/blogdoedvaldomagalhaes.com.br\/index.php\/wp-json\/wp\/v2\/types\/post"}],"author":[{"embeddable":true,"href":"https:\/\/blogdoedvaldomagalhaes.com.br\/index.php\/wp-json\/wp\/v2\/users\/1"}],"replies":[{"embeddable":true,"href":"https:\/\/blogdoedvaldomagalhaes.com.br\/index.php\/wp-json\/wp\/v2\/comments?post=5032"}],"version-history":[{"count":1,"href":"https:\/\/blogdoedvaldomagalhaes.com.br\/index.php\/wp-json\/wp\/v2\/posts\/5032\/revisions"}],"predecessor-version":[{"id":23256,"href":"https:\/\/blogdoedvaldomagalhaes.com.br\/index.php\/wp-json\/wp\/v2\/posts\/5032\/revisions\/23256"}],"wp:attachment":[{"href":"https:\/\/blogdoedvaldomagalhaes.com.br\/index.php\/wp-json\/wp\/v2\/media?parent=5032"}],"wp:term":[{"taxonomy":"category","embeddable":true,"href":"https:\/\/blogdoedvaldomagalhaes.com.br\/index.php\/wp-json\/wp\/v2\/categories?post=5032"},{"taxonomy":"post_tag","embeddable":true,"href":"https:\/\/blogdoedvaldomagalhaes.com.br\/index.php\/wp-json\/wp\/v2\/tags?post=5032"}],"curies":[{"name":"wp","href":"https:\/\/api.w.org\/{rel}","templated":true}]}}