{"id":50317,"date":"2020-01-05T15:46:21","date_gmt":"2020-01-05T18:46:21","guid":{"rendered":"http:\/\/blogdoedvaldomagalhaes.com.br\/?p=50317"},"modified":"2020-01-05T15:46:25","modified_gmt":"2020-01-05T18:46:25","slug":"secretaria-da-fazenda-de-caruaru-iniciara-a-entrega-dos-carnes-do-iptu-2020","status":"publish","type":"post","link":"https:\/\/blogdoedvaldomagalhaes.com.br\/index.php\/2020\/01\/05\/secretaria-da-fazenda-de-caruaru-iniciara-a-entrega-dos-carnes-do-iptu-2020\/","title":{"rendered":"Secretaria da Fazenda de Caruaru iniciar\u00e1 a entrega dos carn\u00eas do IPTU 2020"},"content":{"rendered":"<p style=\"text-align: justify;\">A Prefeitura Municipal de Caruaru, atrav\u00e9s da Secretaria da Fazenda, iniciar\u00e1 a entrega dos carn\u00eas do IPTU 2020 ainda este m\u00eas. O contribuinte que deseja consultar e pagar o seu tributo antes da entrega dos boletos pode se dirigir ao Centro Administrativo, na Av. Rio Branco, 315, Centro. A primeira parcela do IPTU, ou a parcela \u00fanica, ter\u00e1 vencimento no dia 31 de janeiro e o pagamento poder\u00e1 ser realizado em casas lot\u00e9rica, na Caixa Econ\u00f4mica Federal, no Banco do Brasil ou na tesouraria da prefeitura, que tamb\u00e9m funciona no Centro Administrativo, de segunda a sexta, das 7h \u00e0s 13h.<\/p>\n<p style=\"text-align: justify;\">Para o IPTU de 2020, observando o disposto no artigo 506 do CTM, houve como regra geral a atualiza\u00e7\u00e3o pelo IPCA (2,54%) e UFM no valor de R$ 2,76. O c\u00e1lculo do IPTU possui como base de c\u00e1lculo o valor do im\u00f3vel (obtido atrav\u00e9s de metragens e caracter\u00edsticas), sendo aplicada a al\u00edquota (de acordo com sua utiliza\u00e7\u00e3o) no valor do im\u00f3vel para determina\u00e7\u00e3o do valor. O calend\u00e1rio fiscal para o IPTU ter\u00e1 10 parcelas e o contribuinte que optar pelo pagamento da cota \u00fanica ter\u00e1 10% de desconto.<\/p>\n<p style=\"text-align: justify;\">Lembrando que o contribuinte pode retirar tamb\u00e9m seu IPTU 2020 na Internet, atrav\u00e9s do site: www.portaldocontribuinte.caruaru.pe.gov.br<\/p>\n","protected":false},"excerpt":{"rendered":"<p>A Prefeitura Municipal de Caruaru, atrav\u00e9s da Secretaria da Fazenda, iniciar\u00e1 a entrega dos carn\u00eas do IPTU 2020 ainda este&hellip;<\/p>\n","protected":false},"author":1,"featured_media":50318,"comment_status":"open","ping_status":"open","sticky":false,"template":"","format":"standard","meta":{"footnotes":""},"categories":[14120],"tags":[2,16881,16996],"class_list":["post-50317","post","type-post","status-publish","format-standard","has-post-thumbnail","hentry","category-noticias","tag-blog-do-edvaldo-magalhaes","tag-caruaru-e-regiao","tag-secretaria-da-fazenda-de-caruaru-iniciara-a-entrega-dos-carnes-do-iptu-2020"],"_links":{"self":[{"href":"https:\/\/blogdoedvaldomagalhaes.com.br\/index.php\/wp-json\/wp\/v2\/posts\/50317","targetHints":{"allow":["GET"]}}],"collection":[{"href":"https:\/\/blogdoedvaldomagalhaes.com.br\/index.php\/wp-json\/wp\/v2\/posts"}],"about":[{"href":"https:\/\/blogdoedvaldomagalhaes.com.br\/index.php\/wp-json\/wp\/v2\/types\/post"}],"author":[{"embeddable":true,"href":"https:\/\/blogdoedvaldomagalhaes.com.br\/index.php\/wp-json\/wp\/v2\/users\/1"}],"replies":[{"embeddable":true,"href":"https:\/\/blogdoedvaldomagalhaes.com.br\/index.php\/wp-json\/wp\/v2\/comments?post=50317"}],"version-history":[{"count":1,"href":"https:\/\/blogdoedvaldomagalhaes.com.br\/index.php\/wp-json\/wp\/v2\/posts\/50317\/revisions"}],"predecessor-version":[{"id":50319,"href":"https:\/\/blogdoedvaldomagalhaes.com.br\/index.php\/wp-json\/wp\/v2\/posts\/50317\/revisions\/50319"}],"wp:featuredmedia":[{"embeddable":true,"href":"https:\/\/blogdoedvaldomagalhaes.com.br\/index.php\/wp-json\/wp\/v2\/media\/50318"}],"wp:attachment":[{"href":"https:\/\/blogdoedvaldomagalhaes.com.br\/index.php\/wp-json\/wp\/v2\/media?parent=50317"}],"wp:term":[{"taxonomy":"category","embeddable":true,"href":"https:\/\/blogdoedvaldomagalhaes.com.br\/index.php\/wp-json\/wp\/v2\/categories?post=50317"},{"taxonomy":"post_tag","embeddable":true,"href":"https:\/\/blogdoedvaldomagalhaes.com.br\/index.php\/wp-json\/wp\/v2\/tags?post=50317"}],"curies":[{"name":"wp","href":"https:\/\/api.w.org\/{rel}","templated":true}]}}