{"id":50314,"date":"2020-01-05T15:37:12","date_gmt":"2020-01-05T18:37:12","guid":{"rendered":"http:\/\/blogdoedvaldomagalhaes.com.br\/?p=50314"},"modified":"2020-01-05T15:37:16","modified_gmt":"2020-01-05T18:37:16","slug":"prefeitura-de-caruaru-lanca-processo-seletivo-com-20-vagas-para-secretaria-de-educacao","status":"publish","type":"post","link":"https:\/\/blogdoedvaldomagalhaes.com.br\/index.php\/2020\/01\/05\/prefeitura-de-caruaru-lanca-processo-seletivo-com-20-vagas-para-secretaria-de-educacao\/","title":{"rendered":"Prefeitura de Caruaru lan\u00e7a processo seletivo com 20 vagas para Secretaria de Educa\u00e7\u00e3o"},"content":{"rendered":"<p style=\"text-align: justify;\">A Prefeitura Municipal de Caruaru come\u00e7ou o ano de 2020 com mais uma sele\u00e7\u00e3o p\u00fablica simplificada. Dessa vez, as vagas est\u00e3o disponibilizadas para a Secretaria de Educa\u00e7\u00e3o, ser\u00e3o 20 vagas distribu\u00eddas nas fun\u00e7\u00f5es de Pedreiro, Servente de Pedreiro, Marceneiro, Serralheiro, Encanador, Eletricista, Carpinteiro e Pintor, com a exig\u00eancia de ensino fundamental incompleto.<\/p>\n<p style=\"text-align: justify;\">As inscri\u00e7\u00f5es ser\u00e3o realizadas entre os dias 13 e 23 de janeiro. Todas as informa\u00e7\u00f5es sobre o processo seletivo est\u00e3o dispon\u00edveis no edital, no site https:\/\/selecoes.caruaru.pe.gov.br. As inscri\u00e7\u00f5es ser\u00e3o feitas, atrav\u00e9s do endere\u00e7o eletr\u00f4nico j\u00e1 citado, ou presencialmente, das 8h \u00e0s 16h na Secretaria de Administra\u00e7\u00e3o (Pra\u00e7a Pedro de Souza, 30, Nossa Senhora das Dores, Caruaru-PE.)<\/p>\n","protected":false},"excerpt":{"rendered":"<p>A Prefeitura Municipal de Caruaru come\u00e7ou o ano de 2020 com mais uma sele\u00e7\u00e3o p\u00fablica simplificada. Dessa vez, as vagas&hellip;<\/p>\n","protected":false},"author":1,"featured_media":50315,"comment_status":"open","ping_status":"open","sticky":false,"template":"","format":"standard","meta":{"footnotes":""},"categories":[14120],"tags":[2,16881,16995],"class_list":["post-50314","post","type-post","status-publish","format-standard","has-post-thumbnail","hentry","category-noticias","tag-blog-do-edvaldo-magalhaes","tag-caruaru-e-regiao","tag-prefeitura-de-caruaru-lanca-processo-seletivo-com-20-vagas-para-secretaria-de-educacao"],"_links":{"self":[{"href":"https:\/\/blogdoedvaldomagalhaes.com.br\/index.php\/wp-json\/wp\/v2\/posts\/50314","targetHints":{"allow":["GET"]}}],"collection":[{"href":"https:\/\/blogdoedvaldomagalhaes.com.br\/index.php\/wp-json\/wp\/v2\/posts"}],"about":[{"href":"https:\/\/blogdoedvaldomagalhaes.com.br\/index.php\/wp-json\/wp\/v2\/types\/post"}],"author":[{"embeddable":true,"href":"https:\/\/blogdoedvaldomagalhaes.com.br\/index.php\/wp-json\/wp\/v2\/users\/1"}],"replies":[{"embeddable":true,"href":"https:\/\/blogdoedvaldomagalhaes.com.br\/index.php\/wp-json\/wp\/v2\/comments?post=50314"}],"version-history":[{"count":1,"href":"https:\/\/blogdoedvaldomagalhaes.com.br\/index.php\/wp-json\/wp\/v2\/posts\/50314\/revisions"}],"predecessor-version":[{"id":50316,"href":"https:\/\/blogdoedvaldomagalhaes.com.br\/index.php\/wp-json\/wp\/v2\/posts\/50314\/revisions\/50316"}],"wp:featuredmedia":[{"embeddable":true,"href":"https:\/\/blogdoedvaldomagalhaes.com.br\/index.php\/wp-json\/wp\/v2\/media\/50315"}],"wp:attachment":[{"href":"https:\/\/blogdoedvaldomagalhaes.com.br\/index.php\/wp-json\/wp\/v2\/media?parent=50314"}],"wp:term":[{"taxonomy":"category","embeddable":true,"href":"https:\/\/blogdoedvaldomagalhaes.com.br\/index.php\/wp-json\/wp\/v2\/categories?post=50314"},{"taxonomy":"post_tag","embeddable":true,"href":"https:\/\/blogdoedvaldomagalhaes.com.br\/index.php\/wp-json\/wp\/v2\/tags?post=50314"}],"curies":[{"name":"wp","href":"https:\/\/api.w.org\/{rel}","templated":true}]}}