{"id":50311,"date":"2020-01-05T14:35:44","date_gmt":"2020-01-05T17:35:44","guid":{"rendered":"http:\/\/blogdoedvaldomagalhaes.com.br\/?p=50311"},"modified":"2020-01-05T14:35:50","modified_gmt":"2020-01-05T17:35:50","slug":"pms-prendem-assaltantes-em-flagrante-e-recuperam-os-produtos-roubados","status":"publish","type":"post","link":"https:\/\/blogdoedvaldomagalhaes.com.br\/index.php\/2020\/01\/05\/pms-prendem-assaltantes-em-flagrante-e-recuperam-os-produtos-roubados\/","title":{"rendered":"PMs prendem assaltantes em flagrante e recuperam os produtos roubados"},"content":{"rendered":"<p style=\"text-align: justify;\">Nesse s\u00e1bado (04), Policiais Militares do 4\u00ba BPM foram informados por populares que na Zona Rural de Barra de Guabiraba, no Engenho Capivarinha, dois indiv\u00edduos desconhecidos, trajando fardas da CELPE e armados com armas de fogos estariam praticando assaltos no citado local.<\/p>\n<p style=\"text-align: justify;\">O efetivo Policial Militar fez deslocamento at\u00e9 o referido local e se deparou com os assaltantes: WELLINGTON DA SILVA NASCIMENTO, 26 anos, e EDIVALDO JOS\u00c9 DA SILVA, 25 anos, os quais ainda tentaram se evadir em uma motocicleta ao perceber a presen\u00e7a do policiamento, por\u00e9m foram alcan\u00e7ados pelo efetivo e presos em flagrante.<\/p>\n<p style=\"text-align: justify;\">Durante a abordagem foram encontradas com os assaltanteds duas Armas de Fogo (Pistola Cal. 38 e Rev\u00f3lver cal. 38), como tamb\u00e9m alguns Produtos de roubos como 01 televisor, rel\u00f3gios, 01 sanfona, 01 furadeira entre outros.<\/p>\n<p style=\"text-align: justify;\">Os assaltantes foram conduzidos juntamente com armas e os materiais apreendidos para a DPC de Plant\u00e3o em Caruaru-PE, onde foram reconhecidos pelas v\u00edtimas e autuados em Flagrante Delito por roubo e porte ilegal de arma de fogo. Na DPC foi constatado ainda que o acusado WELLINGTON DA SILVA NASCIMENTO, possuia um Mandado de Pris\u00e3o em seu desfavor.<\/p>\n<p style=\"text-align: justify;\">&#8220;Pol\u00edcia Militar de Pernambuco: Nossa Presen\u00e7a, Sua Seguran\u00e7a&#8221;<\/p>\n","protected":false},"excerpt":{"rendered":"<p>Nesse s\u00e1bado (04), Policiais Militares do 4\u00ba BPM foram informados por populares que na Zona Rural de Barra de Guabiraba,&hellip;<\/p>\n","protected":false},"author":1,"featured_media":50312,"comment_status":"open","ping_status":"open","sticky":false,"template":"","format":"standard","meta":{"footnotes":""},"categories":[14121],"tags":[2,16881,16994],"class_list":["post-50311","post","type-post","status-publish","format-standard","has-post-thumbnail","hentry","category-policial","tag-blog-do-edvaldo-magalhaes","tag-caruaru-e-regiao","tag-pms-prendem-assaltantes-em-flagrante-e-recuperam-os-produtos-roubados"],"_links":{"self":[{"href":"https:\/\/blogdoedvaldomagalhaes.com.br\/index.php\/wp-json\/wp\/v2\/posts\/50311","targetHints":{"allow":["GET"]}}],"collection":[{"href":"https:\/\/blogdoedvaldomagalhaes.com.br\/index.php\/wp-json\/wp\/v2\/posts"}],"about":[{"href":"https:\/\/blogdoedvaldomagalhaes.com.br\/index.php\/wp-json\/wp\/v2\/types\/post"}],"author":[{"embeddable":true,"href":"https:\/\/blogdoedvaldomagalhaes.com.br\/index.php\/wp-json\/wp\/v2\/users\/1"}],"replies":[{"embeddable":true,"href":"https:\/\/blogdoedvaldomagalhaes.com.br\/index.php\/wp-json\/wp\/v2\/comments?post=50311"}],"version-history":[{"count":1,"href":"https:\/\/blogdoedvaldomagalhaes.com.br\/index.php\/wp-json\/wp\/v2\/posts\/50311\/revisions"}],"predecessor-version":[{"id":50313,"href":"https:\/\/blogdoedvaldomagalhaes.com.br\/index.php\/wp-json\/wp\/v2\/posts\/50311\/revisions\/50313"}],"wp:featuredmedia":[{"embeddable":true,"href":"https:\/\/blogdoedvaldomagalhaes.com.br\/index.php\/wp-json\/wp\/v2\/media\/50312"}],"wp:attachment":[{"href":"https:\/\/blogdoedvaldomagalhaes.com.br\/index.php\/wp-json\/wp\/v2\/media?parent=50311"}],"wp:term":[{"taxonomy":"category","embeddable":true,"href":"https:\/\/blogdoedvaldomagalhaes.com.br\/index.php\/wp-json\/wp\/v2\/categories?post=50311"},{"taxonomy":"post_tag","embeddable":true,"href":"https:\/\/blogdoedvaldomagalhaes.com.br\/index.php\/wp-json\/wp\/v2\/tags?post=50311"}],"curies":[{"name":"wp","href":"https:\/\/api.w.org\/{rel}","templated":true}]}}